{"id":303786,"date":"2024-06-19T10:44:33","date_gmt":"2024-06-19T07:44:33","guid":{"rendered":"https:\/\/sana.sy\/tr\/?p=303786"},"modified":"2024-06-22T18:47:05","modified_gmt":"2024-06-22T15:47:05","slug":"israilin-kuneytra-ve-dera-kirsalindaki-iki-bolgeye-yonelik-saldirisi-sonucu-bir-subay-sehit-dustu","status":"publish","type":"post","link":"https:\/\/archive.sana.sy\/tr\/?p=303786","title":{"rendered":"\u0130srail&#8217;in Kuneytra ve Dera K\u0131rsal\u0131ndaki \u0130ki B\u00f6lgeye Y\u00f6nelik Sald\u0131rganl\u0131\u011f\u0131 Sonucu Bir Subay \u015eehit D\u00fc\u015ft\u00fc"},"content":{"rendered":"<p style=\"text-align: justify;\"><strong>\u015eAM (SANA) \u2013\u00a0 <\/strong>\u0130srail d\u00fc\u015fman u\u00e7aklar\u0131n\u0131n bu sabah Kuneytra ve Dera k\u0131rsal\u0131ndaki iki noktaya d\u00fczenledi\u011fi sald\u0131rganl\u0131k sonucu bir subay\u0131m\u0131z \u015fehit d\u00fc\u015ft\u00fc.<\/p>\n<p style=\"text-align: justify;\">Askeri bir kaynak SANA&#8217;ya yapt\u0131\u011f\u0131 a\u00e7\u0131klamada: &#8220;Bug\u00fcn sabah saat 07.00 s\u0131ralar\u0131nda \u0130srail d\u00fc\u015fman\u0131, insans\u0131z hava ara\u00e7lar\u0131yla Kuneytra ve Dera k\u0131rsal\u0131nda silahl\u0131 kuvvetlerimize ait iki askeri mevziyi hedef alan bir hava sald\u0131rganl\u0131\u011f\u0131 d\u00fczenledi&#8221; diyerek, sald\u0131rganl\u0131k, bir subay\u0131n \u015fehit d\u00fc\u015fmesine ve baz\u0131 maddi kay\u0131plara yol a\u00e7t\u0131\u011f\u0131na i\u015faret etti.<\/p>\n<p style=\"text-align: center;\"><strong><a href=\"https:\/\/t.me\/SuriyeArapHaberAjansI\">Telegram Kanal\u0131m\u0131z\u00a0<\/a>||<a href=\"https:\/\/twitter.com\/arap_ajans\">X Platformumuz\u00a0<\/a>||<a href=\"https:\/\/www.facebook.com\/SANAHaberAjansi\/\">Facebook Sayfam\u0131z<\/a><\/strong><\/p>\n","protected":false},"excerpt":{"rendered":"<p>\u015eAM (SANA) \u2013\u00a0 \u0130srail d\u00fc\u015fman u\u00e7aklar\u0131n\u0131n bu sabah Kuneytra ve Dera k\u0131rsal\u0131ndaki iki noktaya d\u00fczenledi\u011fi sald\u0131rganl\u0131k sonucu bir subay\u0131m\u0131z \u015fehit d\u00fc\u015ft\u00fc. Askeri bir kaynak SANA&#8217;ya yapt\u0131\u011f\u0131 a\u00e7\u0131klamada: &#8220;Bug\u00fcn sabah saat 07.00 s\u0131ralar\u0131nda \u0130srail d\u00fc\u015fman\u0131, insans\u0131z hava ara\u00e7lar\u0131yla Kuneytra ve Dera k\u0131rsal\u0131nda silahl\u0131 kuvvetlerimize ait iki askeri mevziyi hedef alan bir hava sald\u0131rganl\u0131\u011f\u0131 d\u00fczenledi&#8221; diyerek, sald\u0131rganl\u0131k, &hellip;<\/p>\n","protected":false},"author":36,"featured_media":303787,"comment_status":"closed","ping_status":"closed","sticky":false,"template":"","format":"standard","meta":{"footnotes":""},"categories":[479,575,17988,478],"tags":[38810,41790,22182],"class_list":["post-303786","post","type-post","status-publish","format-standard","has-post-thumbnail","","category-haberler-yerel","category-olaylar-ve-gercekler","category-son-haberler","category-yerel","tag-israilin-suriyeye-saldirilari","tag-suriye-ve-israil-arasindaki-sinir-meselesi","tag-suriyede-savas"],"_links":{"self":[{"href":"https:\/\/archive.sana.sy\/tr\/index.php?rest_route=\/wp\/v2\/posts\/303786","targetHints":{"allow":["GET"]}}],"collection":[{"href":"https:\/\/archive.sana.sy\/tr\/index.php?rest_route=\/wp\/v2\/posts"}],"about":[{"href":"https:\/\/archive.sana.sy\/tr\/index.php?rest_route=\/wp\/v2\/types\/post"}],"author":[{"embeddable":true,"href":"https:\/\/archive.sana.sy\/tr\/index.php?rest_route=\/wp\/v2\/users\/36"}],"replies":[{"embeddable":true,"href":"https:\/\/archive.sana.sy\/tr\/index.php?rest_route=%2Fwp%2Fv2%2Fcomments&post=303786"}],"version-history":[{"count":2,"href":"https:\/\/archive.sana.sy\/tr\/index.php?rest_route=\/wp\/v2\/posts\/303786\/revisions"}],"predecessor-version":[{"id":303905,"href":"https:\/\/archive.sana.sy\/tr\/index.php?rest_route=\/wp\/v2\/posts\/303786\/revisions\/303905"}],"wp:featuredmedia":[{"embeddable":true,"href":"https:\/\/archive.sana.sy\/tr\/index.php?rest_route=\/wp\/v2\/media\/303787"}],"wp:attachment":[{"href":"https:\/\/archive.sana.sy\/tr\/index.php?rest_route=%2Fwp%2Fv2%2Fmedia&parent=303786"}],"wp:term":[{"taxonomy":"category","embeddable":true,"href":"https:\/\/archive.sana.sy\/tr\/index.php?rest_route=%2Fwp%2Fv2%2Fcategories&post=303786"},{"taxonomy":"post_tag","embeddable":true,"href":"https:\/\/archive.sana.sy\/tr\/index.php?rest_route=%2Fwp%2Fv2%2Ftags&post=303786"}],"curies":[{"name":"wp","href":"https:\/\/api.w.org\/{rel}","templated":true}]}}