{"id":303919,"date":"2024-06-23T09:20:46","date_gmt":"2024-06-23T06:20:46","guid":{"rendered":"https:\/\/sana.sy\/tr\/?p=303919"},"modified":"2024-06-25T09:32:45","modified_gmt":"2024-06-25T06:32:45","slug":"israil-isgal-ucaklarinin-gazze-sehrini-bombalamasi-sonucu-5-filistinli-sehit-dustu-digerleri-de-yaralandi","status":"publish","type":"post","link":"https:\/\/archive.sana.sy\/tr\/?p=303919","title":{"rendered":"\u0130srail \u0130\u015fgal U\u00e7aklar\u0131n\u0131n Gazze \u015eehrini Bombalamas\u0131 Sonucu 5 Filistinli \u015eehit D\u00fc\u015ft\u00fc, Di\u011ferleri De Yaraland\u0131"},"content":{"rendered":"<p style=\"text-align: justify;\"><strong>\u0130\u015eGAL ED\u0130LEN KUD\u00dcS (SANA) \u2013<\/strong> \u0130srail i\u015fgal u\u00e7aklar\u0131n\u0131n bug\u00fcn sabah saatlerinde Gazze&#8217;nin merkezi ve bat\u0131s\u0131nda \u00e7ok say\u0131da evi bombalamas\u0131 sonucu 5 Filistinli \u015fehit d\u00fc\u015ft\u00fc, \u00e7ok say\u0131da ki\u015fi de yaraland\u0131.<\/p>\n<p style=\"text-align: justify;\">Filistinli WAFA Haber Ajans\u0131, i\u015fgal u\u00e7aklar\u0131n\u0131n Gazze \u015fehir merkezindeki El Cevhare Kulesi yak\u0131n\u0131ndaki bir konut binas\u0131n\u0131 bombalayarak \u00fc\u00e7 Filistinliyi \u015fehit d\u00fc\u015ft\u00fc\u011f\u00fcn\u00fc, aralar\u0131nda \u00e7ocuklar ve kad\u0131nlar\u0131n da bulundu\u011fu di\u011ferlerini de yaralad\u0131\u011f\u0131n\u0131 bildirdi.<\/p>\n<p style=\"text-align: justify;\">\u0130\u015fgal u\u00e7aklar\u0131n\u0131n Gazze \u015fehrinin bat\u0131s\u0131ndaki El \u015eati m\u00fclteci kamp\u0131ndaki bir evi bombalamas\u0131 sonucu 2 Filistinli de \u015fehit d\u00fc\u015ft\u00fc, \u00e7ok say\u0131da ki\u015fi de yaraland\u0131. \u0130\u015fgalci top\u00e7ular\u0131 Gazze \u015eeridi&#8217;nin g\u00fcneyindeki Refah \u015fehrinin merkezini ve g\u00fcneyini bombalad\u0131.<\/p>\n<p style=\"text-align: center;\"><strong><a href=\"https:\/\/t.me\/SuriyeArapHaberAjansI\">Telegram Kanal\u0131m\u0131z\u00a0<\/a>||<a href=\"https:\/\/twitter.com\/arap_ajans\">X Platformumuz\u00a0<\/a>||<a href=\"https:\/\/www.facebook.com\/SANAHaberAjansi\/\">Facebook Sayfam\u0131z<\/a><\/strong><\/p>\n","protected":false},"excerpt":{"rendered":"<p>\u0130\u015eGAL ED\u0130LEN KUD\u00dcS (SANA) \u2013 \u0130srail i\u015fgal u\u00e7aklar\u0131n\u0131n bug\u00fcn sabah saatlerinde Gazze&#8217;nin merkezi ve bat\u0131s\u0131nda \u00e7ok say\u0131da evi bombalamas\u0131 sonucu 5 Filistinli \u015fehit d\u00fc\u015ft\u00fc, \u00e7ok say\u0131da ki\u015fi de yaraland\u0131. Filistinli WAFA Haber Ajans\u0131, i\u015fgal u\u00e7aklar\u0131n\u0131n Gazze \u015fehir merkezindeki El Cevhare Kulesi yak\u0131n\u0131ndaki bir konut binas\u0131n\u0131 bombalayarak \u00fc\u00e7 Filistinliyi \u015fehit d\u00fc\u015ft\u00fc\u011f\u00fcn\u00fc, aralar\u0131nda \u00e7ocuklar ve kad\u0131nlar\u0131n da &hellip;<\/p>\n","protected":false},"author":39,"featured_media":303922,"comment_status":"closed","ping_status":"closed","sticky":false,"template":"","format":"standard","meta":{"footnotes":""},"categories":[458,459,17988],"tags":[],"class_list":["post-303919","post","type-post","status-publish","format-standard","has-post-thumbnail","","category-dunya1","category-haberler-arap-uluslararasi-politika","category-son-haberler"],"_links":{"self":[{"href":"https:\/\/archive.sana.sy\/tr\/index.php?rest_route=\/wp\/v2\/posts\/303919","targetHints":{"allow":["GET"]}}],"collection":[{"href":"https:\/\/archive.sana.sy\/tr\/index.php?rest_route=\/wp\/v2\/posts"}],"about":[{"href":"https:\/\/archive.sana.sy\/tr\/index.php?rest_route=\/wp\/v2\/types\/post"}],"author":[{"embeddable":true,"href":"https:\/\/archive.sana.sy\/tr\/index.php?rest_route=\/wp\/v2\/users\/39"}],"replies":[{"embeddable":true,"href":"https:\/\/archive.sana.sy\/tr\/index.php?rest_route=%2Fwp%2Fv2%2Fcomments&post=303919"}],"version-history":[{"count":1,"href":"https:\/\/archive.sana.sy\/tr\/index.php?rest_route=\/wp\/v2\/posts\/303919\/revisions"}],"predecessor-version":[{"id":303921,"href":"https:\/\/archive.sana.sy\/tr\/index.php?rest_route=\/wp\/v2\/posts\/303919\/revisions\/303921"}],"wp:featuredmedia":[{"embeddable":true,"href":"https:\/\/archive.sana.sy\/tr\/index.php?rest_route=\/wp\/v2\/media\/303922"}],"wp:attachment":[{"href":"https:\/\/archive.sana.sy\/tr\/index.php?rest_route=%2Fwp%2Fv2%2Fmedia&parent=303919"}],"wp:term":[{"taxonomy":"category","embeddable":true,"href":"https:\/\/archive.sana.sy\/tr\/index.php?rest_route=%2Fwp%2Fv2%2Fcategories&post=303919"},{"taxonomy":"post_tag","embeddable":true,"href":"https:\/\/archive.sana.sy\/tr\/index.php?rest_route=%2Fwp%2Fv2%2Ftags&post=303919"}],"curies":[{"name":"wp","href":"https:\/\/api.w.org\/{rel}","templated":true}]}}