{"id":303923,"date":"2024-06-23T11:07:07","date_gmt":"2024-06-23T08:07:07","guid":{"rendered":"https:\/\/sana.sy\/tr\/?p=303923"},"modified":"2024-06-25T09:32:49","modified_gmt":"2024-06-25T06:32:49","slug":"lubnan-direnisi-beyt-hillal-kislasindaki-israil-dusman-karargahini-insansiz-hava-araciyla-hedef-aldi","status":"publish","type":"post","link":"https:\/\/archive.sana.sy\/tr\/?p=303923","title":{"rendered":"L\u00fcbnan Direni\u015fi, Beyt Hallal K\u0131\u015flas\u0131ndaki \u0130srail D\u00fc\u015fman Karargah\u0131n\u0131 \u0130nsans\u0131z Hava Arac\u0131yla Hedef Ald\u0131"},"content":{"rendered":"<p style=\"text-align: justify;\"><strong>BEYRUT (SANA)<\/strong> \u2013 L\u00fcbnan direni\u015fi bug\u00fcn Beyt Hallal k\u0131\u015flas\u0131ndaki \u0130srail d\u00fc\u015fman karargah\u0131na insans\u0131z hava arac\u0131yla sald\u0131r\u0131 d\u00fczenledi.<\/p>\n<p style=\"text-align: justify;\">Direni\u015f yapt\u0131\u011f\u0131 a\u00e7\u0131klamada &#8220;Gazze \u015eeridi&#8217;ndeki kararl\u0131 Filistin halk\u0131m\u0131za, onlar\u0131n yi\u011fit direni\u015fine destek olarak ve \u0130srail d\u00fc\u015fman\u0131n\u0131n El Hiyara kasabas\u0131nda ger\u00e7ekle\u015ftirdi\u011fi suikasta yan\u0131t olarak, direni\u015f sava\u015f\u00e7\u0131lar\u0131 Beyt Halal k\u0131\u015flas\u0131ndaki Sahel Taburu karargah\u0131na\u00a0 insans\u0131z hava arac\u0131yla sald\u0131r\u0131 d\u00fczenledi, Subay ve askerlerinin yer ve yerle\u015fim yerlerini hedef alarak, do\u011frudan isabet elde ederek, \u00f6l\u00fc ve yaral\u0131 b\u0131rakt\u0131&#8221; dedi.<\/p>\n<p style=\"text-align: center;\"><strong><a href=\"https:\/\/t.me\/SuriyeArapHaberAjansI\">Telegram Kanal\u0131m\u0131z\u00a0<\/a>||<a href=\"https:\/\/twitter.com\/arap_ajans\">X Platformumuz\u00a0<\/a>||<a href=\"https:\/\/www.facebook.com\/SANAHaberAjansi\/\">Facebook Sayfam\u0131z<\/a><\/strong><\/p>\n","protected":false},"excerpt":{"rendered":"<p>BEYRUT (SANA) \u2013 L\u00fcbnan direni\u015fi bug\u00fcn Beyt Hallal k\u0131\u015flas\u0131ndaki \u0130srail d\u00fc\u015fman karargah\u0131na insans\u0131z hava arac\u0131yla sald\u0131r\u0131 d\u00fczenledi. Direni\u015f yapt\u0131\u011f\u0131 a\u00e7\u0131klamada &#8220;Gazze \u015eeridi&#8217;ndeki kararl\u0131 Filistin halk\u0131m\u0131za, onlar\u0131n yi\u011fit direni\u015fine destek olarak ve \u0130srail d\u00fc\u015fman\u0131n\u0131n El Hiyara kasabas\u0131nda ger\u00e7ekle\u015ftirdi\u011fi suikasta yan\u0131t olarak, direni\u015f sava\u015f\u00e7\u0131lar\u0131 Beyt Halal k\u0131\u015flas\u0131ndaki Sahel Taburu karargah\u0131na\u00a0 insans\u0131z hava arac\u0131yla sald\u0131r\u0131 d\u00fczenledi, Subay ve &hellip;<\/p>\n","protected":false},"author":39,"featured_media":303924,"comment_status":"closed","ping_status":"closed","sticky":false,"template":"","format":"standard","meta":{"footnotes":""},"categories":[458,459],"tags":[],"class_list":["post-303923","post","type-post","status-publish","format-standard","has-post-thumbnail","","category-dunya1","category-haberler-arap-uluslararasi-politika"],"_links":{"self":[{"href":"https:\/\/archive.sana.sy\/tr\/index.php?rest_route=\/wp\/v2\/posts\/303923","targetHints":{"allow":["GET"]}}],"collection":[{"href":"https:\/\/archive.sana.sy\/tr\/index.php?rest_route=\/wp\/v2\/posts"}],"about":[{"href":"https:\/\/archive.sana.sy\/tr\/index.php?rest_route=\/wp\/v2\/types\/post"}],"author":[{"embeddable":true,"href":"https:\/\/archive.sana.sy\/tr\/index.php?rest_route=\/wp\/v2\/users\/39"}],"replies":[{"embeddable":true,"href":"https:\/\/archive.sana.sy\/tr\/index.php?rest_route=%2Fwp%2Fv2%2Fcomments&post=303923"}],"version-history":[{"count":4,"href":"https:\/\/archive.sana.sy\/tr\/index.php?rest_route=\/wp\/v2\/posts\/303923\/revisions"}],"predecessor-version":[{"id":303937,"href":"https:\/\/archive.sana.sy\/tr\/index.php?rest_route=\/wp\/v2\/posts\/303923\/revisions\/303937"}],"wp:featuredmedia":[{"embeddable":true,"href":"https:\/\/archive.sana.sy\/tr\/index.php?rest_route=\/wp\/v2\/media\/303924"}],"wp:attachment":[{"href":"https:\/\/archive.sana.sy\/tr\/index.php?rest_route=%2Fwp%2Fv2%2Fmedia&parent=303923"}],"wp:term":[{"taxonomy":"category","embeddable":true,"href":"https:\/\/archive.sana.sy\/tr\/index.php?rest_route=%2Fwp%2Fv2%2Fcategories&post=303923"},{"taxonomy":"post_tag","embeddable":true,"href":"https:\/\/archive.sana.sy\/tr\/index.php?rest_route=%2Fwp%2Fv2%2Ftags&post=303923"}],"curies":[{"name":"wp","href":"https:\/\/api.w.org\/{rel}","templated":true}]}}