{"id":303978,"date":"2024-06-24T11:13:30","date_gmt":"2024-06-24T08:13:30","guid":{"rendered":"https:\/\/sana.sy\/tr\/?p=303978"},"modified":"2024-06-25T09:03:42","modified_gmt":"2024-06-25T06:03:42","slug":"aksa-tufani-operasyonu-bugunun-en-one-cikan-gelismeleri-174","status":"publish","type":"post","link":"https:\/\/archive.sana.sy\/tr\/?p=303978","title":{"rendered":"Aksa Tufan\u0131 Operasyonu\u2026 Bug\u00fcn\u00fcn En \u00d6ne \u00c7\u0131kan Geli\u015fmeleri"},"content":{"rendered":"<p style=\"text-align: justify;\"><strong>\u0130\u015eGAL ED\u0130LEN KUD\u00dcS (SANA) \u2013<\/strong> Filistinli direni\u015finin \u0130srail i\u015fgalinin sald\u0131r\u0131lar\u0131na yan\u0131t olarak 7 Ekim\u2019de ba\u015flatt\u0131\u011f\u0131 Aksa Tufan\u0131 Operasyonu\u2019nda \u00f6ne \u00e7\u0131kan geli\u015fmeler:<\/p>\n<ul>\n<li style=\"text-align: justify;\">Filistin medyas\u0131: \u0130srail&#8217;in Gazze \u015eeridi&#8217;nin g\u00fcneyinde Refah \u015fehrinin kuzeyindeki Musabah b\u00f6lgesini i\u015fgal etmesi sonucu iki \u015fehit ve \u00e7ok say\u0131da yaral\u0131.<\/li>\n<li style=\"text-align: justify;\">Filistin medyas\u0131: \u0130srail&#8217;in Gazze \u015eeridi&#8217;nin g\u00fcneyinde Han Yunus&#8217;un do\u011fusundaki Bani S\u00fcheyle kav\u015fa\u011f\u0131na d\u00fczenledi\u011fi i\u015fgal bombard\u0131man\u0131 sonucu 7 \u015fehit ve 22 yaral\u0131.<\/li>\n<li style=\"text-align: justify;\">Filistin medyas\u0131: \u0130srail i\u015fgalinin Gazze \u015fehrinin bat\u0131s\u0131ndaki bir g\u0131da yard\u0131m merkezini bombalamas\u0131 sonucu \u015fehitler ve yaral\u0131lar.<\/li>\n<li style=\"text-align: justify;\">Filistin Sa\u011fl\u0131k Bakanl\u0131\u011f\u0131: Gazze \u015eeridi&#8217;nde 262. g\u00fcn\u00fcnde devam eden i\u015fgal sald\u0131r\u0131s\u0131nda \u00f6lenlerin say\u0131s\u0131 37.626 \u015fehit ve 86.098 yaral\u0131ya y\u00fckseldi.<\/li>\n<li style=\"text-align: justify;\">Filistin Sa\u011fl\u0131k Bakanl\u0131\u011f\u0131: \u0130srail i\u015fgalinin Gazze \u015eeridi&#8217;ne son 24 saatte y\u00f6nelik sald\u0131r\u0131lar\u0131 sonucu 28 Filistinli \u00f6ld\u00fc, 66 Filistinli yaraland\u0131.<\/li>\n<li style=\"text-align: justify;\">Filistin medyas\u0131: \u0130srail i\u015fgalinin Gazze \u015eeridi&#8217;ndeki Refah \u015fehrinin kuzeyini bombalamas\u0131 sonucu bir \u015fehit ve \u00e7ok say\u0131da yaral\u0131.<\/li>\n<li style=\"text-align: justify;\">Filistin direni\u015fi, Gazze \u015fehrinin g\u00fcneyinde \u201cNetzarim\u201d ekseninde \u0130srail i\u015fgal askerlerinin mevzilerini havan toplar\u0131yla hedef ald\u0131.<\/li>\n<li style=\"text-align: justify;\">Filistin direni\u015fi, Gazze \u015eeridi&#8217;nin g\u00fcneyindeki Refah \u015fehrinin bat\u0131s\u0131ndaki \u0130srail d\u00fc\u015fman askerlerinin ve ara\u00e7lar\u0131n\u0131n mevzilerini havan toplar\u0131yla hedef ald\u0131.<\/li>\n<li style=\"text-align: justify;\">Filistin medyas\u0131: \u0130\u015fgalci \u0130srail&#8217;in Gazze \u015eeridi&#8217;nin merkezindeki Bureij kamp\u0131n\u0131 bombalamas\u0131 sonucu 4 \u015fehit ve \u00e7ok say\u0131da yaral\u0131.<\/li>\n<li style=\"text-align: justify;\">Filistin medyas\u0131: \u0130srail&#8217;in Gazze&#8217;deki El Zaytun mahallesi ve Gazze \u015eeridi&#8217;nin merkezindeki Nuseyrat kamp\u0131na y\u00f6nelik i\u015fgalci bombard\u0131man\u0131 sonucu iki \u015fehit ve \u00e7ok say\u0131da yaral\u0131.<\/li>\n<li style=\"text-align: justify;\">Filistin direni\u015fi, Gazze \u015eeridi&#8217;nin g\u00fcneyindeki Refah \u015fehrinin g\u00fcneyinde \u0130srail d\u00fc\u015fman askerlerini ve ara\u00e7lar\u0131n\u0131 havan toplar\u0131yla hedef ald\u0131.<\/li>\n<li style=\"text-align: justify;\">\n<p style=\"text-align: justify;\">BM temsilcisi: Gazze&#8217;de sona eren sava\u015f nedeniyle aileler b\u00fct\u00fcn\u00fcyle yok edildi.<\/p>\n<\/li>\n<\/ul>\n<p style=\"text-align: center;\"><strong><a href=\"https:\/\/t.me\/SuriyeArapHaberAjansI\">Telegram Kanal\u0131m\u0131z\u00a0<\/a>||<a href=\"https:\/\/twitter.com\/arap_ajans\">X Platformumuz\u00a0<\/a>||<a href=\"https:\/\/www.facebook.com\/SANAHaberAjansi\/\">Facebook Sayfam\u0131z<\/a><\/strong><\/p>\n","protected":false},"excerpt":{"rendered":"<p>\u0130\u015eGAL ED\u0130LEN KUD\u00dcS (SANA) \u2013 Filistinli direni\u015finin \u0130srail i\u015fgalinin sald\u0131r\u0131lar\u0131na yan\u0131t olarak 7 Ekim\u2019de ba\u015flatt\u0131\u011f\u0131 Aksa Tufan\u0131 Operasyonu\u2019nda \u00f6ne \u00e7\u0131kan geli\u015fmeler: Filistin medyas\u0131: \u0130srail&#8217;in Gazze \u015eeridi&#8217;nin g\u00fcneyinde Refah \u015fehrinin kuzeyindeki Musabah b\u00f6lgesini i\u015fgal etmesi sonucu iki \u015fehit ve \u00e7ok say\u0131da yaral\u0131. Filistin medyas\u0131: \u0130srail&#8217;in Gazze \u015eeridi&#8217;nin g\u00fcneyinde Han Yunus&#8217;un do\u011fusundaki Bani S\u00fcheyle kav\u015fa\u011f\u0131na d\u00fczenledi\u011fi i\u015fgal &hellip;<\/p>\n","protected":false},"author":39,"featured_media":303979,"comment_status":"closed","ping_status":"closed","sticky":false,"template":"","format":"standard","meta":{"footnotes":""},"categories":[458,459,17988],"tags":[40813],"class_list":["post-303978","post","type-post","status-publish","format-standard","has-post-thumbnail","","category-dunya1","category-haberler-arap-uluslararasi-politika","category-son-haberler","tag-aksa-tufani-operasyonu-bugunun-en-one-cikan-gelismeleri"],"_links":{"self":[{"href":"https:\/\/archive.sana.sy\/tr\/index.php?rest_route=\/wp\/v2\/posts\/303978","targetHints":{"allow":["GET"]}}],"collection":[{"href":"https:\/\/archive.sana.sy\/tr\/index.php?rest_route=\/wp\/v2\/posts"}],"about":[{"href":"https:\/\/archive.sana.sy\/tr\/index.php?rest_route=\/wp\/v2\/types\/post"}],"author":[{"embeddable":true,"href":"https:\/\/archive.sana.sy\/tr\/index.php?rest_route=\/wp\/v2\/users\/39"}],"replies":[{"embeddable":true,"href":"https:\/\/archive.sana.sy\/tr\/index.php?rest_route=%2Fwp%2Fv2%2Fcomments&post=303978"}],"version-history":[{"count":6,"href":"https:\/\/archive.sana.sy\/tr\/index.php?rest_route=\/wp\/v2\/posts\/303978\/revisions"}],"predecessor-version":[{"id":304009,"href":"https:\/\/archive.sana.sy\/tr\/index.php?rest_route=\/wp\/v2\/posts\/303978\/revisions\/304009"}],"wp:featuredmedia":[{"embeddable":true,"href":"https:\/\/archive.sana.sy\/tr\/index.php?rest_route=\/wp\/v2\/media\/303979"}],"wp:attachment":[{"href":"https:\/\/archive.sana.sy\/tr\/index.php?rest_route=%2Fwp%2Fv2%2Fmedia&parent=303978"}],"wp:term":[{"taxonomy":"category","embeddable":true,"href":"https:\/\/archive.sana.sy\/tr\/index.php?rest_route=%2Fwp%2Fv2%2Fcategories&post=303978"},{"taxonomy":"post_tag","embeddable":true,"href":"https:\/\/archive.sana.sy\/tr\/index.php?rest_route=%2Fwp%2Fv2%2Ftags&post=303978"}],"curies":[{"name":"wp","href":"https:\/\/api.w.org\/{rel}","templated":true}]}}