{"id":303982,"date":"2024-06-24T13:41:50","date_gmt":"2024-06-24T10:41:50","guid":{"rendered":"https:\/\/sana.sy\/tr\/?p=303982"},"modified":"2024-06-25T09:33:35","modified_gmt":"2024-06-25T06:33:35","slug":"dusman-israil-guney-lubnana-saldirganliklarini-yeniledi-3","status":"publish","type":"post","link":"https:\/\/archive.sana.sy\/tr\/?p=303982","title":{"rendered":"D\u00fc\u015fman \u0130srail G\u00fcney L\u00fcbnan&#8217;a Sald\u0131rganl\u0131klar\u0131n\u0131 Yeniledi"},"content":{"rendered":"<p style=\"text-align: justify;\"><strong>BEYRUT (SANA) \u2013<\/strong> D\u00fc\u015fman \u0130srail, G\u00fcney L\u00fcbnan&#8217;\u0131n s\u0131n\u0131r b\u00f6lgelerine sald\u0131rganl\u0131klar\u0131n\u0131 yeniledi ve Aytarun kasabas\u0131n\u0131n meydan\u0131ndaki bir evi iki f\u00fczeyle hedef ald\u0131.<\/p>\n<p style=\"text-align: justify;\">D\u00fc\u015fman sava\u015f u\u00e7aklar\u0131 ayr\u0131ca El Hiyam \u015fehri ve Kafr Kila kasabas\u0131na f\u00fcze sald\u0131r\u0131lar\u0131 d\u00fczenleyerek, top\u00e7ular\u0131 da Teyr Harfa kasabas\u0131n\u0131n d\u0131\u015f mahallelerini bombalad\u0131.<\/p>\n<p style=\"text-align: center;\"><strong><a href=\"https:\/\/t.me\/SuriyeArapHaberAjansI\">Telegram Kanal\u0131m\u0131z\u00a0<\/a>||<a href=\"https:\/\/twitter.com\/arap_ajans\">X Platformumuz\u00a0<\/a>||<a href=\"https:\/\/www.facebook.com\/SANAHaberAjansi\/\">Facebook Sayfam\u0131z<\/a><\/strong><\/p>\n","protected":false},"excerpt":{"rendered":"<p>BEYRUT (SANA) \u2013 D\u00fc\u015fman \u0130srail, G\u00fcney L\u00fcbnan&#8217;\u0131n s\u0131n\u0131r b\u00f6lgelerine sald\u0131rganl\u0131klar\u0131n\u0131 yeniledi ve Aytarun kasabas\u0131n\u0131n meydan\u0131ndaki bir evi iki f\u00fczeyle hedef ald\u0131. D\u00fc\u015fman sava\u015f u\u00e7aklar\u0131 ayr\u0131ca El Hiyam \u015fehri ve Kafr Kila kasabas\u0131na f\u00fcze sald\u0131r\u0131lar\u0131 d\u00fczenleyerek, top\u00e7ular\u0131 da Teyr Harfa kasabas\u0131n\u0131n d\u0131\u015f mahallelerini bombalad\u0131. Telegram Kanal\u0131m\u0131z\u00a0||X Platformumuz\u00a0||Facebook Sayfam\u0131z<\/p>\n","protected":false},"author":39,"featured_media":303983,"comment_status":"closed","ping_status":"closed","sticky":false,"template":"","format":"standard","meta":{"footnotes":""},"categories":[458,459,17988],"tags":[],"class_list":["post-303982","post","type-post","status-publish","format-standard","has-post-thumbnail","","category-dunya1","category-haberler-arap-uluslararasi-politika","category-son-haberler"],"_links":{"self":[{"href":"https:\/\/archive.sana.sy\/tr\/index.php?rest_route=\/wp\/v2\/posts\/303982","targetHints":{"allow":["GET"]}}],"collection":[{"href":"https:\/\/archive.sana.sy\/tr\/index.php?rest_route=\/wp\/v2\/posts"}],"about":[{"href":"https:\/\/archive.sana.sy\/tr\/index.php?rest_route=\/wp\/v2\/types\/post"}],"author":[{"embeddable":true,"href":"https:\/\/archive.sana.sy\/tr\/index.php?rest_route=\/wp\/v2\/users\/39"}],"replies":[{"embeddable":true,"href":"https:\/\/archive.sana.sy\/tr\/index.php?rest_route=%2Fwp%2Fv2%2Fcomments&post=303982"}],"version-history":[{"count":2,"href":"https:\/\/archive.sana.sy\/tr\/index.php?rest_route=\/wp\/v2\/posts\/303982\/revisions"}],"predecessor-version":[{"id":303985,"href":"https:\/\/archive.sana.sy\/tr\/index.php?rest_route=\/wp\/v2\/posts\/303982\/revisions\/303985"}],"wp:featuredmedia":[{"embeddable":true,"href":"https:\/\/archive.sana.sy\/tr\/index.php?rest_route=\/wp\/v2\/media\/303983"}],"wp:attachment":[{"href":"https:\/\/archive.sana.sy\/tr\/index.php?rest_route=%2Fwp%2Fv2%2Fmedia&parent=303982"}],"wp:term":[{"taxonomy":"category","embeddable":true,"href":"https:\/\/archive.sana.sy\/tr\/index.php?rest_route=%2Fwp%2Fv2%2Fcategories&post=303982"},{"taxonomy":"post_tag","embeddable":true,"href":"https:\/\/archive.sana.sy\/tr\/index.php?rest_route=%2Fwp%2Fv2%2Ftags&post=303982"}],"curies":[{"name":"wp","href":"https:\/\/api.w.org\/{rel}","templated":true}]}}