{"id":303987,"date":"2024-06-24T15:37:19","date_gmt":"2024-06-24T12:37:19","guid":{"rendered":"https:\/\/sana.sy\/tr\/?p=303987"},"modified":"2024-06-25T09:33:39","modified_gmt":"2024-06-25T06:33:39","slug":"isgalin-gazze-seridine-yonelik-son-24-saatte-saldirganligi-sonucu-28-sehit-onlarca-yarali","status":"publish","type":"post","link":"https:\/\/archive.sana.sy\/tr\/?p=303987","title":{"rendered":"\u0130\u015fgalin Gazze \u015eeridi&#8217;ne Y\u00f6nelik Son 24 Saatte Sald\u0131rganl\u0131\u011f\u0131 Sonucu 28 \u015eehit, Onlarca Yaral\u0131"},"content":{"rendered":"<p style=\"text-align: justify;\"><strong>\u0130\u015eGAL ED\u0130LEN KUD\u00dcS (SANA) &#8211;<\/strong> \u00a0Filistin Sa\u011fl\u0131k Bakanl\u0131\u011f\u0131, \u0130srail i\u015fgalinin Gazze \u015eeridi&#8217;ne y\u00f6nelik son 24 saatte sald\u0131r\u0131lar\u0131 sonucunda 28 Filistinlinin \u015fehit oldu\u011funu, 66 Filistinlinin de yaraland\u0131\u011f\u0131n\u0131 duyurdu.<\/p>\n<p style=\"text-align: justify;\">Bakanl\u0131k bug\u00fcn yapt\u0131\u011f\u0131 a\u00e7\u0131klamada \u015funlar\u0131 s\u00f6yledi: \u2018\u2019Gazze \u015eeridi&#8217;nde 262. g\u00fcn\u00fcnde devam eden i\u015fgal sald\u0131r\u0131s\u0131nda \u00f6lenlerin say\u0131s\u0131 37 bin 626 \u015fehit ve 86 bin 98 yaral\u0131ya y\u00fckseldi. ok say\u0131da ma\u011fdur halen enkaz alt\u0131nda ve yollardayken, ambulans ve sivil savunma ekipleri onlara ula\u015fam\u0131yor.\u2019\u2019<\/p>\n<p style=\"text-align: justify;\">\u0130srail&#8217;in bug\u00fcn erken saatlerde Gazze \u015eehri&#8217;ndeki El Zaytun mahallesi ile Gazze \u015eeridi&#8217;nin merkezindeki Bureyc ve Nuseyrat kamplar\u0131na y\u00f6nelik i\u015fgalci bombard\u0131man\u0131 sonucu en az 7 Filistinli \u015fehit oldu, onlarca ki\u015fi de yaraland\u0131.<\/p>\n<p style=\"text-align: center;\"><strong><a href=\"https:\/\/t.me\/SuriyeArapHaberAjansI\">Telegram Kanal\u0131m\u0131z\u00a0<\/a>||<a href=\"https:\/\/twitter.com\/arap_ajans\">X Platformumuz\u00a0<\/a>||<a href=\"https:\/\/www.facebook.com\/SANAHaberAjansi\/\">Facebook Sayfam\u0131z<\/a><\/strong><\/p>\n","protected":false},"excerpt":{"rendered":"<p>\u0130\u015eGAL ED\u0130LEN KUD\u00dcS (SANA) &#8211; \u00a0Filistin Sa\u011fl\u0131k Bakanl\u0131\u011f\u0131, \u0130srail i\u015fgalinin Gazze \u015eeridi&#8217;ne y\u00f6nelik son 24 saatte sald\u0131r\u0131lar\u0131 sonucunda 28 Filistinlinin \u015fehit oldu\u011funu, 66 Filistinlinin de yaraland\u0131\u011f\u0131n\u0131 duyurdu. Bakanl\u0131k bug\u00fcn yapt\u0131\u011f\u0131 a\u00e7\u0131klamada \u015funlar\u0131 s\u00f6yledi: \u2018\u2019Gazze \u015eeridi&#8217;nde 262. g\u00fcn\u00fcnde devam eden i\u015fgal sald\u0131r\u0131s\u0131nda \u00f6lenlerin say\u0131s\u0131 37 bin 626 \u015fehit ve 86 bin 98 yaral\u0131ya y\u00fckseldi. ok say\u0131da &hellip;<\/p>\n","protected":false},"author":41,"featured_media":303988,"comment_status":"closed","ping_status":"closed","sticky":false,"template":"","format":"standard","meta":{"footnotes":""},"categories":[458,459,17988],"tags":[40122,41802,1037],"class_list":["post-303987","post","type-post","status-publish","format-standard","has-post-thumbnail","","category-dunya1","category-haberler-arap-uluslararasi-politika","category-son-haberler","tag-gazzede-son-durum","tag-isgalin-gazze-seridine-yonelik-son-24-saatte-saldirganligi-sonucu-28-sehit","tag-onlarca-yarali"],"_links":{"self":[{"href":"https:\/\/archive.sana.sy\/tr\/index.php?rest_route=\/wp\/v2\/posts\/303987","targetHints":{"allow":["GET"]}}],"collection":[{"href":"https:\/\/archive.sana.sy\/tr\/index.php?rest_route=\/wp\/v2\/posts"}],"about":[{"href":"https:\/\/archive.sana.sy\/tr\/index.php?rest_route=\/wp\/v2\/types\/post"}],"author":[{"embeddable":true,"href":"https:\/\/archive.sana.sy\/tr\/index.php?rest_route=\/wp\/v2\/users\/41"}],"replies":[{"embeddable":true,"href":"https:\/\/archive.sana.sy\/tr\/index.php?rest_route=%2Fwp%2Fv2%2Fcomments&post=303987"}],"version-history":[{"count":1,"href":"https:\/\/archive.sana.sy\/tr\/index.php?rest_route=\/wp\/v2\/posts\/303987\/revisions"}],"predecessor-version":[{"id":303989,"href":"https:\/\/archive.sana.sy\/tr\/index.php?rest_route=\/wp\/v2\/posts\/303987\/revisions\/303989"}],"wp:featuredmedia":[{"embeddable":true,"href":"https:\/\/archive.sana.sy\/tr\/index.php?rest_route=\/wp\/v2\/media\/303988"}],"wp:attachment":[{"href":"https:\/\/archive.sana.sy\/tr\/index.php?rest_route=%2Fwp%2Fv2%2Fmedia&parent=303987"}],"wp:term":[{"taxonomy":"category","embeddable":true,"href":"https:\/\/archive.sana.sy\/tr\/index.php?rest_route=%2Fwp%2Fv2%2Fcategories&post=303987"},{"taxonomy":"post_tag","embeddable":true,"href":"https:\/\/archive.sana.sy\/tr\/index.php?rest_route=%2Fwp%2Fv2%2Ftags&post=303987"}],"curies":[{"name":"wp","href":"https:\/\/api.w.org\/{rel}","templated":true}]}}