{"id":303996,"date":"2024-06-24T16:57:03","date_gmt":"2024-06-24T13:57:03","guid":{"rendered":"https:\/\/sana.sy\/tr\/?p=303996"},"modified":"2024-06-26T12:44:50","modified_gmt":"2024-06-26T09:44:50","slug":"rumen-arastirmaci-suriye-etkileyici-bir-kulturel-miras-tasiyor","status":"publish","type":"post","link":"https:\/\/archive.sana.sy\/tr\/?p=303996","title":{"rendered":"Rumen Ara\u015ft\u0131rmac\u0131: Suriye Etkileyici Bir K\u00fclt\u00fcrel Miras Ta\u015f\u0131yor"},"content":{"rendered":"<p style=\"text-align: justify;\"><strong>B\u00dcKRE\u015e (SANA)<\/strong> &#8211; \u00a0Romanya B\u00fckre\u015f \u00dcniversitesi Ara\u015ft\u0131rma ve Diyalog Merkezi Ba\u015fkan\u0131 Elie Valentin, Suriye&#8217;nin, tarihinin ta\u015f\u0131d\u0131\u011f\u0131 yarat\u0131c\u0131l\u0131k ve k\u00fclt\u00fcrel \u00f6zellikler yoluyla Do\u011fu&#8217;da etkileyici bir k\u00fclt\u00fcrel mirasa sahip oldu\u011funu ve hala da ta\u015f\u0131d\u0131\u011f\u0131n\u0131 do\u011frulad\u0131.<\/p>\n<p style=\"text-align: justify;\">Valentine, SANA&#8217;n\u0131n B\u00fckre\u015f&#8217;teki muhabiriyle yapt\u0131\u011f\u0131 r\u00f6portajda, \u2018\u2019Ara\u015ft\u0131rma ve Diyalog Merkezi, dinlerin ve medeniyetlerin be\u015fi\u011fi olan ve e\u015fsiz bir tarihi stat\u00fcye sahip olan Suriye ile i\u015fbirli\u011finin \u00f6nemi ve yap\u0131labilirli\u011finden hareketle, Suriye \u00fcniversiteleri ve kurumlar\u0131yla akademik ili\u015fkiler kurmakla yak\u0131ndan ilgilenmektedir\u2019\u2019 diyerek, \u2018\u2019Halklar\u0131m\u0131z aras\u0131ndaki tarihi ili\u015fkileri d\u00fc\u015f\u00fcn\u00fcrsek ve dikkate al\u0131rsak gelecekte de birbirlerine ilham verebilecek ortak bir ileti\u015fim \u00e7abas\u0131n\u0131n olmas\u0131 gerekti\u011fini g\u00f6r\u00fcyoruz\u201d ifadelerini kulland\u0131.<\/p>\n<p style=\"text-align: justify;\">Merkezin rol\u00fcne gelince Valentin, Arap \u00fclkeleri de dahil olmak \u00fczere bir\u00e7ok \u00fclkedeki kurum ve \u00fcniversitelerle ili\u015fki ve i\u015fbirliklerinin s\u00fcrd\u00fc\u011f\u00fcn\u00fc, ayr\u0131ca Romanya&#8217;da bu konuda \u00e7e\u015fitli konferans, forum ve ziyaretlerin d\u00fczenlendi\u011fi Avrupa-Romen-Arap K\u00fclt\u00fcr Merkezi ile yak\u0131n i\u015fbirli\u011fi i\u00e7inde oldu\u011funu kaydetti.<\/p>\n<p style=\"text-align: center;\"><strong><a href=\"https:\/\/t.me\/SuriyeArapHaberAjansI\">Telegram Kanal\u0131m\u0131z\u00a0<\/a>||<a href=\"https:\/\/twitter.com\/arap_ajans\">X Platformumuz\u00a0<\/a>||<a href=\"https:\/\/www.facebook.com\/SANAHaberAjansi\/\">Facebook Sayfam\u0131z<\/a><\/strong><\/p>\n","protected":false},"excerpt":{"rendered":"<p>B\u00dcKRE\u015e (SANA) &#8211; \u00a0Romanya B\u00fckre\u015f \u00dcniversitesi Ara\u015ft\u0131rma ve Diyalog Merkezi Ba\u015fkan\u0131 Elie Valentin, Suriye&#8217;nin, tarihinin ta\u015f\u0131d\u0131\u011f\u0131 yarat\u0131c\u0131l\u0131k ve k\u00fclt\u00fcrel \u00f6zellikler yoluyla Do\u011fu&#8217;da etkileyici bir k\u00fclt\u00fcrel mirasa sahip oldu\u011funu ve hala da ta\u015f\u0131d\u0131\u011f\u0131n\u0131 do\u011frulad\u0131. Valentine, SANA&#8217;n\u0131n B\u00fckre\u015f&#8217;teki muhabiriyle yapt\u0131\u011f\u0131 r\u00f6portajda, \u2018\u2019Ara\u015ft\u0131rma ve Diyalog Merkezi, dinlerin ve medeniyetlerin be\u015fi\u011fi olan ve e\u015fsiz bir tarihi stat\u00fcye sahip olan &hellip;<\/p>\n","protected":false},"author":41,"featured_media":303997,"comment_status":"closed","ping_status":"closed","sticky":false,"template":"","format":"standard","meta":{"footnotes":""},"categories":[458,459,17988],"tags":[41806],"class_list":["post-303996","post","type-post","status-publish","format-standard","has-post-thumbnail","","category-dunya1","category-haberler-arap-uluslararasi-politika","category-son-haberler","tag-rumen-arastirmaci-suriye-etkileyici-bir-kulturel-miras-tasiyor"],"_links":{"self":[{"href":"https:\/\/archive.sana.sy\/tr\/index.php?rest_route=\/wp\/v2\/posts\/303996","targetHints":{"allow":["GET"]}}],"collection":[{"href":"https:\/\/archive.sana.sy\/tr\/index.php?rest_route=\/wp\/v2\/posts"}],"about":[{"href":"https:\/\/archive.sana.sy\/tr\/index.php?rest_route=\/wp\/v2\/types\/post"}],"author":[{"embeddable":true,"href":"https:\/\/archive.sana.sy\/tr\/index.php?rest_route=\/wp\/v2\/users\/41"}],"replies":[{"embeddable":true,"href":"https:\/\/archive.sana.sy\/tr\/index.php?rest_route=%2Fwp%2Fv2%2Fcomments&post=303996"}],"version-history":[{"count":1,"href":"https:\/\/archive.sana.sy\/tr\/index.php?rest_route=\/wp\/v2\/posts\/303996\/revisions"}],"predecessor-version":[{"id":303998,"href":"https:\/\/archive.sana.sy\/tr\/index.php?rest_route=\/wp\/v2\/posts\/303996\/revisions\/303998"}],"wp:featuredmedia":[{"embeddable":true,"href":"https:\/\/archive.sana.sy\/tr\/index.php?rest_route=\/wp\/v2\/media\/303997"}],"wp:attachment":[{"href":"https:\/\/archive.sana.sy\/tr\/index.php?rest_route=%2Fwp%2Fv2%2Fmedia&parent=303996"}],"wp:term":[{"taxonomy":"category","embeddable":true,"href":"https:\/\/archive.sana.sy\/tr\/index.php?rest_route=%2Fwp%2Fv2%2Fcategories&post=303996"},{"taxonomy":"post_tag","embeddable":true,"href":"https:\/\/archive.sana.sy\/tr\/index.php?rest_route=%2Fwp%2Fv2%2Ftags&post=303996"}],"curies":[{"name":"wp","href":"https:\/\/api.w.org\/{rel}","templated":true}]}}