{"id":304006,"date":"2024-06-25T09:03:08","date_gmt":"2024-06-25T06:03:08","guid":{"rendered":"https:\/\/sana.sy\/tr\/?p=304006"},"modified":"2024-06-26T11:39:50","modified_gmt":"2024-06-26T08:39:50","slug":"aksa-tufani-operasyonu-bugunun-en-one-cikan-gelismeleri-175","status":"publish","type":"post","link":"https:\/\/archive.sana.sy\/tr\/?p=304006","title":{"rendered":"Aksa Tufan\u0131 Operasyonu\u2026 Bug\u00fcn\u00fcn En \u00d6ne \u00c7\u0131kan Geli\u015fmeleri"},"content":{"rendered":"<p style=\"text-align: justify;\"><strong>\u0130\u015eGAL ED\u0130LEN KUD\u00dcS (SANA) \u2013<\/strong> Filistinli direni\u015finin \u0130srail i\u015fgalinin sald\u0131r\u0131lar\u0131na yan\u0131t olarak 7 Ekim\u2019de ba\u015flatt\u0131\u011f\u0131 Aksa Tufan\u0131 Operasyonu\u2019nda \u00f6ne \u00e7\u0131kan geli\u015fmeler:<\/p>\n<ul style=\"text-align: justify;\">\n<li>Filistin medyas\u0131: \u0130srail i\u015fgalinin Gazze \u015eeridi&#8217;nin g\u00fcneyindeki Han Yunus&#8217;ta bir evi ve Refah&#8217;ta yerinden edilmi\u015f insanlar i\u00e7in bir \u00e7ad\u0131r\u0131 bombalamas\u0131 sonucu 6 \u015fehit ve \u00e7ok say\u0131da yaral\u0131.<\/li>\n<li>\u0130\u015fgalin Gazze \u015eeridi&#8217;ne y\u00f6nelik sald\u0131r\u0131lar\u0131na ba\u015flamas\u0131ndan bu yana 37.658 \u015fehit<\/li>\n<li>Filistin medyas\u0131: \u0130srail&#8217;in i\u015fgalcilerin Gazze \u015eeridi&#8217;nin g\u00fcneyindeki Han Yunus ve kuzeyindeki Cebeliye kentini bombalamas\u0131 sonucu 4 \u015fehit ve \u00e7ok say\u0131da yaral\u0131.<\/li>\n<li>Filistin Sa\u011fl\u0131k Bakanl\u0131\u011f\u0131: Gazze \u015eeridi&#8217;nde 263&#8217;\u00fcnc\u00fc g\u00fcn\u00fcnde devam eden i\u015fgal sald\u0131r\u0131s\u0131nda hayat\u0131n\u0131 kaybedenlerin say\u0131s\u0131 37 bin 658 \u015fehit ve 86 bin 237 yaral\u0131ya y\u00fckseldi.<\/li>\n<li>Filistin Sa\u011fl\u0131k Bakanl\u0131\u011f\u0131: \u0130srail i\u015fgali son 24 saatte Gazze \u015eeridi&#8217;nde 3 katliam ger\u00e7ekle\u015ftirdi, 32 \u015fehit ve 139 ki\u015fi yaraland\u0131.<\/li>\n<li>Filistin direni\u015fi, Gazze \u015fehrinin g\u00fcneyindeki \u201cNetzarim\u201d ekseninde \u0130srail d\u00fc\u015fman liderli\u011finin kararg\u00e2h\u0131n\u0131 havan toplar\u0131yla hedef ald\u0131.<\/li>\n<li>Filistin medyas\u0131: \u0130srail i\u015fgal u\u00e7a\u011f\u0131n\u0131n Gazze \u015fehrinin Yermuk b\u00f6lgesinde bir arac\u0131 bombalamas\u0131 sonucu iki \u015fehit.<\/li>\n<li>Filistin Sa\u011fl\u0131\u011f\u0131, uluslararas\u0131 kurulu\u015flara Gazze&#8217;deki hasta ve yaral\u0131lar\u0131n hayatlar\u0131n\u0131n kurtar\u0131lmas\u0131 i\u00e7in gerekli ihtiya\u00e7lar\u0131n kar\u015f\u0131lanmas\u0131 \u00e7a\u011fr\u0131s\u0131nda bulunuyor<\/li>\n<li>Filistin direni\u015fi, Gazze \u015eeridi&#8217;nin g\u00fcneyindeki Refah kentindeki Yabna kamp\u0131ndaki \u0130srail d\u00fc\u015fman askerlerini ve ara\u00e7lar\u0131n\u0131 havan toplar\u0131yla hedef ald\u0131.<\/li>\n<li><span style=\"color: #0000ff;\"><a style=\"color: #0000ff;\" href=\"https:\/\/www.sana.sy\/tr\/?p=304011\">\u0130\u015fgalci \u0130srail\u2019in Gazze\u2019de Ger\u00e7ekle\u015ftirdi\u011fi Yeni Katliamda 15 \u015eehit Ve \u00c7ok Say\u0131da Ki\u015fi De Yaraland\u0131.<\/a><\/span><\/li>\n<li>Filistinli medyas\u0131: \u0130srail i\u015fgal u\u00e7aklar\u0131n\u0131n Gazze \u015fehrinin bat\u0131s\u0131ndaki Palmira Kav\u015fa\u011f\u0131 yak\u0131nlar\u0131ndaki El Vehde Caddesi&#8217;nde bir grup Filistinliyi bombalamas\u0131 sonucu 3 \u015fehit ve \u00e7ok say\u0131da yaral\u0131.<\/li>\n<li>Filistinli medyas\u0131: \u0130srail i\u015fgal u\u00e7aklar\u0131n\u0131n Gazze \u015fehrinin bat\u0131s\u0131ndaki Sahil Kamp\u0131&#8217;ndaki bir evi bombalamas\u0131 sonucu 10 \u015fehit ve \u00e7ok say\u0131da yaral\u0131.<\/li>\n<\/ul>\n<p style=\"text-align: center;\"><strong><a href=\"https:\/\/t.me\/SuriyeArapHaberAjansI\">Telegram Kanal\u0131m\u0131z\u00a0<\/a>||<a href=\"https:\/\/twitter.com\/arap_ajans\">X Platformumuz\u00a0<\/a>||<a href=\"https:\/\/www.facebook.com\/SANAHaberAjansi\/\">Facebook Sayfam\u0131z<\/a><\/strong><\/p>\n","protected":false},"excerpt":{"rendered":"<p>\u0130\u015eGAL ED\u0130LEN KUD\u00dcS (SANA) \u2013 Filistinli direni\u015finin \u0130srail i\u015fgalinin sald\u0131r\u0131lar\u0131na yan\u0131t olarak 7 Ekim\u2019de ba\u015flatt\u0131\u011f\u0131 Aksa Tufan\u0131 Operasyonu\u2019nda \u00f6ne \u00e7\u0131kan geli\u015fmeler: Filistin medyas\u0131: \u0130srail i\u015fgalinin Gazze \u015eeridi&#8217;nin g\u00fcneyindeki Han Yunus&#8217;ta bir evi ve Refah&#8217;ta yerinden edilmi\u015f insanlar i\u00e7in bir \u00e7ad\u0131r\u0131 bombalamas\u0131 sonucu 6 \u015fehit ve \u00e7ok say\u0131da yaral\u0131. \u0130\u015fgalin Gazze \u015eeridi&#8217;ne y\u00f6nelik sald\u0131r\u0131lar\u0131na ba\u015flamas\u0131ndan bu &hellip;<\/p>\n","protected":false},"author":39,"featured_media":304007,"comment_status":"closed","ping_status":"closed","sticky":false,"template":"","format":"standard","meta":{"footnotes":""},"categories":[458,459,17988],"tags":[],"class_list":["post-304006","post","type-post","status-publish","format-standard","has-post-thumbnail","","category-dunya1","category-haberler-arap-uluslararasi-politika","category-son-haberler"],"_links":{"self":[{"href":"https:\/\/archive.sana.sy\/tr\/index.php?rest_route=\/wp\/v2\/posts\/304006","targetHints":{"allow":["GET"]}}],"collection":[{"href":"https:\/\/archive.sana.sy\/tr\/index.php?rest_route=\/wp\/v2\/posts"}],"about":[{"href":"https:\/\/archive.sana.sy\/tr\/index.php?rest_route=\/wp\/v2\/types\/post"}],"author":[{"embeddable":true,"href":"https:\/\/archive.sana.sy\/tr\/index.php?rest_route=\/wp\/v2\/users\/39"}],"replies":[{"embeddable":true,"href":"https:\/\/archive.sana.sy\/tr\/index.php?rest_route=%2Fwp%2Fv2%2Fcomments&post=304006"}],"version-history":[{"count":9,"href":"https:\/\/archive.sana.sy\/tr\/index.php?rest_route=\/wp\/v2\/posts\/304006\/revisions"}],"predecessor-version":[{"id":304046,"href":"https:\/\/archive.sana.sy\/tr\/index.php?rest_route=\/wp\/v2\/posts\/304006\/revisions\/304046"}],"wp:featuredmedia":[{"embeddable":true,"href":"https:\/\/archive.sana.sy\/tr\/index.php?rest_route=\/wp\/v2\/media\/304007"}],"wp:attachment":[{"href":"https:\/\/archive.sana.sy\/tr\/index.php?rest_route=%2Fwp%2Fv2%2Fmedia&parent=304006"}],"wp:term":[{"taxonomy":"category","embeddable":true,"href":"https:\/\/archive.sana.sy\/tr\/index.php?rest_route=%2Fwp%2Fv2%2Fcategories&post=304006"},{"taxonomy":"post_tag","embeddable":true,"href":"https:\/\/archive.sana.sy\/tr\/index.php?rest_route=%2Fwp%2Fv2%2Ftags&post=304006"}],"curies":[{"name":"wp","href":"https:\/\/api.w.org\/{rel}","templated":true}]}}