{"id":304011,"date":"2024-06-25T09:29:25","date_gmt":"2024-06-25T06:29:25","guid":{"rendered":"https:\/\/sana.sy\/tr\/?p=304011"},"modified":"2024-06-26T12:45:05","modified_gmt":"2024-06-26T09:45:05","slug":"isgalci-israilin-gazzede-gerceklestirdigi-yeni-katliamda-15-sehit-ve-cok-sayida-kisi-de-yaralandi","status":"publish","type":"post","link":"https:\/\/archive.sana.sy\/tr\/?p=304011","title":{"rendered":"\u0130\u015fgalci \u0130srail&#8217;in Gazze&#8217;de Ger\u00e7ekle\u015ftirdi\u011fi Yeni Katliamda 15 \u015eehit Ve \u00c7ok Say\u0131da Ki\u015fi De Yaraland\u0131"},"content":{"rendered":"<p style=\"text-align: justify;\"><strong>\u0130\u015eGAL ED\u0130LEN KUD\u00dcS (SANA) \u2013<\/strong> i\u015fgalci \u0130srail&#8217;in Gazze \u015fehrinin farkl\u0131 yerlerinde ger\u00e7ekle\u015ftirdi\u011fi yeni katliamda bug\u00fcn \u015fafak vakti 15 Filistinli \u015fehit d\u00fc\u015ft\u00fc, \u00e7ok say\u0131da Filistinli de yaraland\u0131.<\/p>\n<p style=\"text-align: justify;\">Filistinli WAFA Haber Ajans\u0131, i\u015fgal u\u00e7aklar\u0131n\u0131n Gazze \u015eehri&#8217;ndeki Sahil Kamp\u0131 ve Daraj mahallesinde Filistinli m\u00fcltecilerin bar\u0131nd\u0131\u011f\u0131 iki UNRWA okulunu bombalad\u0131\u011f\u0131n\u0131\u0131, bunun sonucunda aralar\u0131nda \u00e7ocuklar ve kad\u0131nlar\u0131n da bulundu\u011fu 13 Filistinlinin \u015fehit d\u00fc\u015fmesine ve di\u011ferlerinin de yaralanmas\u0131na yol a\u00e7t\u0131\u011f\u0131n\u0131 bildirdi.<\/p>\n<p style=\"text-align: justify;\">\u0130\u015fgal u\u00e7aklar\u0131n\u0131n Gazze \u015fehrinin do\u011fusundaki \u015eucaiye mahallesinde bir evi bombalamas\u0131 sonucu iki Filistinli kad\u0131n da \u015fehit d\u00fc\u015ft\u00fc.<\/p>\n<p style=\"text-align: center;\"><strong><a href=\"https:\/\/t.me\/SuriyeArapHaberAjansI\">Telegram Kanal\u0131m\u0131z\u00a0<\/a>||<a href=\"https:\/\/twitter.com\/arap_ajans\">X Platformumuz\u00a0<\/a>||<a href=\"https:\/\/www.facebook.com\/SANAHaberAjansi\/\">Facebook Sayfam\u0131z<\/a><\/strong><\/p>\n<p>&nbsp;<\/p>\n","protected":false},"excerpt":{"rendered":"<p>\u0130\u015eGAL ED\u0130LEN KUD\u00dcS (SANA) \u2013 i\u015fgalci \u0130srail&#8217;in Gazze \u015fehrinin farkl\u0131 yerlerinde ger\u00e7ekle\u015ftirdi\u011fi yeni katliamda bug\u00fcn \u015fafak vakti 15 Filistinli \u015fehit d\u00fc\u015ft\u00fc, \u00e7ok say\u0131da Filistinli de yaraland\u0131. Filistinli WAFA Haber Ajans\u0131, i\u015fgal u\u00e7aklar\u0131n\u0131n Gazze \u015eehri&#8217;ndeki Sahil Kamp\u0131 ve Daraj mahallesinde Filistinli m\u00fcltecilerin bar\u0131nd\u0131\u011f\u0131 iki UNRWA okulunu bombalad\u0131\u011f\u0131n\u0131\u0131, bunun sonucunda aralar\u0131nda \u00e7ocuklar ve kad\u0131nlar\u0131n da bulundu\u011fu 13 &hellip;<\/p>\n","protected":false},"author":39,"featured_media":304012,"comment_status":"closed","ping_status":"closed","sticky":false,"template":"","format":"standard","meta":{"footnotes":""},"categories":[458,459,17988],"tags":[],"class_list":["post-304011","post","type-post","status-publish","format-standard","has-post-thumbnail","","category-dunya1","category-haberler-arap-uluslararasi-politika","category-son-haberler"],"_links":{"self":[{"href":"https:\/\/archive.sana.sy\/tr\/index.php?rest_route=\/wp\/v2\/posts\/304011","targetHints":{"allow":["GET"]}}],"collection":[{"href":"https:\/\/archive.sana.sy\/tr\/index.php?rest_route=\/wp\/v2\/posts"}],"about":[{"href":"https:\/\/archive.sana.sy\/tr\/index.php?rest_route=\/wp\/v2\/types\/post"}],"author":[{"embeddable":true,"href":"https:\/\/archive.sana.sy\/tr\/index.php?rest_route=\/wp\/v2\/users\/39"}],"replies":[{"embeddable":true,"href":"https:\/\/archive.sana.sy\/tr\/index.php?rest_route=%2Fwp%2Fv2%2Fcomments&post=304011"}],"version-history":[{"count":2,"href":"https:\/\/archive.sana.sy\/tr\/index.php?rest_route=\/wp\/v2\/posts\/304011\/revisions"}],"predecessor-version":[{"id":304027,"href":"https:\/\/archive.sana.sy\/tr\/index.php?rest_route=\/wp\/v2\/posts\/304011\/revisions\/304027"}],"wp:featuredmedia":[{"embeddable":true,"href":"https:\/\/archive.sana.sy\/tr\/index.php?rest_route=\/wp\/v2\/media\/304012"}],"wp:attachment":[{"href":"https:\/\/archive.sana.sy\/tr\/index.php?rest_route=%2Fwp%2Fv2%2Fmedia&parent=304011"}],"wp:term":[{"taxonomy":"category","embeddable":true,"href":"https:\/\/archive.sana.sy\/tr\/index.php?rest_route=%2Fwp%2Fv2%2Fcategories&post=304011"},{"taxonomy":"post_tag","embeddable":true,"href":"https:\/\/archive.sana.sy\/tr\/index.php?rest_route=%2Fwp%2Fv2%2Ftags&post=304011"}],"curies":[{"name":"wp","href":"https:\/\/api.w.org\/{rel}","templated":true}]}}