{"id":304018,"date":"2024-06-25T12:21:10","date_gmt":"2024-06-25T09:21:10","guid":{"rendered":"https:\/\/sana.sy\/tr\/?p=304018"},"modified":"2024-06-26T12:44:16","modified_gmt":"2024-06-26T09:44:16","slug":"suriye-rusya-federasyonunun-dagistan-cumhuriyetinde-meydana-gelen-teror-saldirilarini-kinadi","status":"publish","type":"post","link":"https:\/\/archive.sana.sy\/tr\/?p=304018","title":{"rendered":"Suriye, Rusya Federasyonu&#8217;nun Da\u011f\u0131stan Cumhuriyeti&#8217;nde Meydana Gelen Ter\u00f6r Sald\u0131r\u0131lar\u0131n\u0131 K\u0131nad\u0131"},"content":{"rendered":"<p style=\"text-align: justify;\"><strong>\u015eAM (SANA)<\/strong> \u2013 Suriye Arap Cumhuriyeti, Rusya Federasyonu&#8217;nun Da\u011f\u0131stan Cumhuriyeti&#8217;nde meydana gelen ve \u00e7ok say\u0131da masum insan\u0131n hayat\u0131n\u0131 kaybetmesine yol a\u00e7an ter\u00f6r sald\u0131r\u0131lar\u0131n\u0131 en g\u00fc\u00e7l\u00fc ifadelerle k\u0131nad\u0131.<\/p>\n<p style=\"text-align: justify;\">D\u0131\u015fi\u015fleri ve Gurbet\u00e7iler Bakanl\u0131\u011f\u0131 yapt\u0131\u011f\u0131 a\u00e7\u0131klamada, &#8220;Suriye Arap Cumhuriyeti, Rusya Federasyonu&#8217;nun Da\u011f\u0131stan Cumhuriyeti&#8217;nde meydana gelen ve \u00e7ok say\u0131da masum insan\u0131n hayat\u0131n\u0131 kaybetmesine yol a\u00e7an ter\u00f6r sald\u0131r\u0131lar\u0131n\u0131 en g\u00fc\u00e7l\u00fc ifadelerle k\u0131n\u0131yor&#8221; dedi.<\/p>\n<p style=\"text-align: justify;\">Bakanl\u0131k a\u00e7\u0131klamas\u0131nda ayr\u0131ca, Suriye&#8217;nin, Rusya&#8217;da g\u00fcvenlik ve istikrar\u0131 istikrars\u0131zla\u015ft\u0131rmay\u0131 ve halk\u0131 aras\u0131nda anla\u015fmazl\u0131k yaratmay\u0131 ama\u00e7layan her t\u00fcrl\u00fc \u015fiddet ve ter\u00f6rizmi g\u00fc\u00e7l\u00fc bir \u015fekilde k\u0131nad\u0131\u011f\u0131n\u0131 ifade etti\u011fini belirtti.<\/p>\n<p style=\"text-align: justify;\">D\u0131\u015fi\u015fleri Bakanl\u0131\u011f\u0131&#8217;n\u0131n a\u00e7\u0131klamas\u0131nda \u015fu ifadelere yer verildi: &#8221;Bu ter\u00f6r eylemleriyle birlikte Kiev g\u00fc\u00e7lerinin Amerikan yap\u0131m\u0131 silahlar kullanarak K\u0131r\u0131m Rusya Cumhuriyeti&#8217;ndeki Rus vatanda\u015flar\u0131na y\u00f6nelik f\u00fcze sald\u0131r\u0131s\u0131, Bat\u0131&#8217;n\u0131n Rusya Federasyonu&#8217;na y\u00f6nelik d\u00fc\u015fmanl\u0131\u011f\u0131n\u0131n ula\u015ft\u0131\u011f\u0131 d\u00fczeyin bir ba\u015fka teyidinden ba\u015fka bir \u015fey de\u011fildir.&#8221;<\/p>\n<p style=\"text-align: justify;\">Bakanl\u0131k a\u00e7\u0131klamas\u0131nda da, Suriye Arap Cumhuriyeti, dost Rus halk\u0131na deste\u011fini teyit ediyor ve Rusya Federasyonu&#8217;nun bu zorluklarla ba\u015fa \u00e7\u0131kabilece\u011fine tam olarak g\u00fcveniyor&#8221; ifadelerini s\u00f6zlerine ekledi.<\/p>\n<p style=\"text-align: center;\"><strong><a href=\"https:\/\/t.me\/SuriyeArapHaberAjansI\">Telegram Kanal\u0131m\u0131z\u00a0<\/a>||<a href=\"https:\/\/twitter.com\/arap_ajans\">X Platformumuz\u00a0<\/a>||<a href=\"https:\/\/www.facebook.com\/SANAHaberAjansi\/\">Facebook Sayfam\u0131z<\/a><\/strong><\/p>\n","protected":false},"excerpt":{"rendered":"<p>\u015eAM (SANA) \u2013 Suriye Arap Cumhuriyeti, Rusya Federasyonu&#8217;nun Da\u011f\u0131stan Cumhuriyeti&#8217;nde meydana gelen ve \u00e7ok say\u0131da masum insan\u0131n hayat\u0131n\u0131 kaybetmesine yol a\u00e7an ter\u00f6r sald\u0131r\u0131lar\u0131n\u0131 en g\u00fc\u00e7l\u00fc ifadelerle k\u0131nad\u0131. D\u0131\u015fi\u015fleri ve Gurbet\u00e7iler Bakanl\u0131\u011f\u0131 yapt\u0131\u011f\u0131 a\u00e7\u0131klamada, &#8220;Suriye Arap Cumhuriyeti, Rusya Federasyonu&#8217;nun Da\u011f\u0131stan Cumhuriyeti&#8217;nde meydana gelen ve \u00e7ok say\u0131da masum insan\u0131n hayat\u0131n\u0131 kaybetmesine yol a\u00e7an ter\u00f6r sald\u0131r\u0131lar\u0131n\u0131 en g\u00fc\u00e7l\u00fc &hellip;<\/p>\n","protected":false},"author":39,"featured_media":304019,"comment_status":"closed","ping_status":"closed","sticky":false,"template":"","format":"standard","meta":{"footnotes":""},"categories":[479,17988,478],"tags":[],"class_list":["post-304018","post","type-post","status-publish","format-standard","has-post-thumbnail","","category-haberler-yerel","category-son-haberler","category-yerel"],"_links":{"self":[{"href":"https:\/\/archive.sana.sy\/tr\/index.php?rest_route=\/wp\/v2\/posts\/304018","targetHints":{"allow":["GET"]}}],"collection":[{"href":"https:\/\/archive.sana.sy\/tr\/index.php?rest_route=\/wp\/v2\/posts"}],"about":[{"href":"https:\/\/archive.sana.sy\/tr\/index.php?rest_route=\/wp\/v2\/types\/post"}],"author":[{"embeddable":true,"href":"https:\/\/archive.sana.sy\/tr\/index.php?rest_route=\/wp\/v2\/users\/39"}],"replies":[{"embeddable":true,"href":"https:\/\/archive.sana.sy\/tr\/index.php?rest_route=%2Fwp%2Fv2%2Fcomments&post=304018"}],"version-history":[{"count":4,"href":"https:\/\/archive.sana.sy\/tr\/index.php?rest_route=\/wp\/v2\/posts\/304018\/revisions"}],"predecessor-version":[{"id":304057,"href":"https:\/\/archive.sana.sy\/tr\/index.php?rest_route=\/wp\/v2\/posts\/304018\/revisions\/304057"}],"wp:featuredmedia":[{"embeddable":true,"href":"https:\/\/archive.sana.sy\/tr\/index.php?rest_route=\/wp\/v2\/media\/304019"}],"wp:attachment":[{"href":"https:\/\/archive.sana.sy\/tr\/index.php?rest_route=%2Fwp%2Fv2%2Fmedia&parent=304018"}],"wp:term":[{"taxonomy":"category","embeddable":true,"href":"https:\/\/archive.sana.sy\/tr\/index.php?rest_route=%2Fwp%2Fv2%2Fcategories&post=304018"},{"taxonomy":"post_tag","embeddable":true,"href":"https:\/\/archive.sana.sy\/tr\/index.php?rest_route=%2Fwp%2Fv2%2Ftags&post=304018"}],"curies":[{"name":"wp","href":"https:\/\/api.w.org\/{rel}","templated":true}]}}