{"id":304021,"date":"2024-06-25T14:45:57","date_gmt":"2024-06-25T11:45:57","guid":{"rendered":"https:\/\/sana.sy\/tr\/?p=304021"},"modified":"2024-06-26T12:45:15","modified_gmt":"2024-06-26T09:45:15","slug":"hamaney-iranin-dis-guclere-bagimli-olmadan-ilerleme-ve-gelisme-kapasitesine-sahip-oldugunu-vurguladi","status":"publish","type":"post","link":"https:\/\/archive.sana.sy\/tr\/?p=304021","title":{"rendered":"Hamaney, \u0130ran&#8217;\u0131n D\u0131\u015f G\u00fc\u00e7lere Ba\u011f\u0131ml\u0131 Olmadan \u0130lerleme Ve Geli\u015fme Kapasitesine Sahip Oldu\u011funu Vurgulad\u0131"},"content":{"rendered":"<p style=\"text-align: justify;\"><strong>TAHRAN (SANA) \u2013<\/strong> \u0130ran \u0130slam Devrimi Lideri Say\u0131n Ali Hamaney, \u00fclkesinin d\u0131\u015f g\u00fc\u00e7lere ba\u011f\u0131ml\u0131 olmaks\u0131z\u0131n \u00e7e\u015fitli alanlarda ilerleme ve geli\u015fme kapasitesine sahip oldu\u011funu teyit ederek, yakla\u015fan cumhurba\u015fkanl\u0131\u011f\u0131 se\u00e7imlerine maksimum kat\u0131l\u0131m\u0131n ve en uygun ki\u015finin se\u00e7ilmesinin gereklili\u011fini vurgulad\u0131.<\/p>\n<p style=\"text-align: justify;\">Hamaney, konu\u015fmas\u0131nda, se\u00e7imlerin \u0130ran&#8217;\u0131n geni\u015f halk kat\u0131l\u0131m\u0131yla d\u00fc\u015fmanlar\u0131na kar\u015f\u0131 zafer kazand\u0131\u011f\u0131 bir arena oldu\u011funu belirterek, se\u00e7ilen yetkilinin gerekli niteliklere sahip olmas\u0131 durumunda \u00fclkenin t\u00fcm potansiyelini ortaya \u00e7\u0131karabilecek kapasitede oldu\u011funa dikkat \u00e7ekti.<\/p>\n<p style=\"text-align: justify;\">Hamaney ayr\u0131ca, bug\u00fcn se\u00e7ilecek en iyi ki\u015finin, \u0130slam \u0130nk\u0131lab\u0131&#8217;n\u0131n temellerini ve yakla\u015f\u0131mlar\u0131n\u0131 takip eden, ayn\u0131 zamanda dost \u00fclkelerle ili\u015fkileri g\u00fc\u00e7lendiren, yurt d\u0131\u015f\u0131yla dengeli ili\u015fkiler kuran ki\u015fi oldu\u011funu kaydetti.<\/p>\n<p style=\"text-align: center;\"><strong><a href=\"https:\/\/t.me\/SuriyeArapHaberAjansI\">Telegram Kanal\u0131m\u0131z\u00a0<\/a>||<a href=\"https:\/\/twitter.com\/arap_ajans\">X Platformumuz\u00a0<\/a>||<a href=\"https:\/\/www.facebook.com\/SANAHaberAjansi\/\">Facebook Sayfam\u0131z<\/a><\/strong><\/p>\n","protected":false},"excerpt":{"rendered":"<p>TAHRAN (SANA) \u2013 \u0130ran \u0130slam Devrimi Lideri Say\u0131n Ali Hamaney, \u00fclkesinin d\u0131\u015f g\u00fc\u00e7lere ba\u011f\u0131ml\u0131 olmaks\u0131z\u0131n \u00e7e\u015fitli alanlarda ilerleme ve geli\u015fme kapasitesine sahip oldu\u011funu teyit ederek, yakla\u015fan cumhurba\u015fkanl\u0131\u011f\u0131 se\u00e7imlerine maksimum kat\u0131l\u0131m\u0131n ve en uygun ki\u015finin se\u00e7ilmesinin gereklili\u011fini vurgulad\u0131. Hamaney, konu\u015fmas\u0131nda, se\u00e7imlerin \u0130ran&#8217;\u0131n geni\u015f halk kat\u0131l\u0131m\u0131yla d\u00fc\u015fmanlar\u0131na kar\u015f\u0131 zafer kazand\u0131\u011f\u0131 bir arena oldu\u011funu belirterek, se\u00e7ilen yetkilinin gerekli &hellip;<\/p>\n","protected":false},"author":39,"featured_media":304022,"comment_status":"closed","ping_status":"closed","sticky":false,"template":"","format":"standard","meta":{"footnotes":""},"categories":[458,459,17988],"tags":[40289,41809,41810],"class_list":["post-304021","post","type-post","status-publish","format-standard","has-post-thumbnail","","category-dunya1","category-haberler-arap-uluslararasi-politika","category-son-haberler","tag-hamaney","tag-iranda-cumhurbaskani-secimi","tag-iranin-dis-guclere-bagimli-olmadan-ilerleme-ve-gelisme-kapasitesine-sahip-oldugunu-vurguladi"],"_links":{"self":[{"href":"https:\/\/archive.sana.sy\/tr\/index.php?rest_route=\/wp\/v2\/posts\/304021","targetHints":{"allow":["GET"]}}],"collection":[{"href":"https:\/\/archive.sana.sy\/tr\/index.php?rest_route=\/wp\/v2\/posts"}],"about":[{"href":"https:\/\/archive.sana.sy\/tr\/index.php?rest_route=\/wp\/v2\/types\/post"}],"author":[{"embeddable":true,"href":"https:\/\/archive.sana.sy\/tr\/index.php?rest_route=\/wp\/v2\/users\/39"}],"replies":[{"embeddable":true,"href":"https:\/\/archive.sana.sy\/tr\/index.php?rest_route=%2Fwp%2Fv2%2Fcomments&post=304021"}],"version-history":[{"count":3,"href":"https:\/\/archive.sana.sy\/tr\/index.php?rest_route=\/wp\/v2\/posts\/304021\/revisions"}],"predecessor-version":[{"id":304034,"href":"https:\/\/archive.sana.sy\/tr\/index.php?rest_route=\/wp\/v2\/posts\/304021\/revisions\/304034"}],"wp:featuredmedia":[{"embeddable":true,"href":"https:\/\/archive.sana.sy\/tr\/index.php?rest_route=\/wp\/v2\/media\/304022"}],"wp:attachment":[{"href":"https:\/\/archive.sana.sy\/tr\/index.php?rest_route=%2Fwp%2Fv2%2Fmedia&parent=304021"}],"wp:term":[{"taxonomy":"category","embeddable":true,"href":"https:\/\/archive.sana.sy\/tr\/index.php?rest_route=%2Fwp%2Fv2%2Fcategories&post=304021"},{"taxonomy":"post_tag","embeddable":true,"href":"https:\/\/archive.sana.sy\/tr\/index.php?rest_route=%2Fwp%2Fv2%2Ftags&post=304021"}],"curies":[{"name":"wp","href":"https:\/\/api.w.org\/{rel}","templated":true}]}}