{"id":304037,"date":"2024-06-25T15:33:12","date_gmt":"2024-06-25T12:33:12","guid":{"rendered":"https:\/\/sana.sy\/tr\/?p=304037"},"modified":"2024-06-26T12:45:23","modified_gmt":"2024-06-26T09:45:23","slug":"ordu-helikopterlerinin-katilimiyla-lazkiye-kirsalindaki-kamin-koyunde-cikan-yangin-sonduruldu","status":"publish","type":"post","link":"https:\/\/archive.sana.sy\/tr\/?p=304037","title":{"rendered":"Ordu Helikopterlerinin Deste\u011fiyle\u2026 Lazkiye K\u0131rsal\u0131ndaki Kamin K\u00f6y\u00fcnde \u00c7\u0131kan Yang\u0131n S\u00f6nd\u00fcr\u00fcld\u00fc"},"content":{"rendered":"<p style=\"text-align: justify;\"><strong>LAZK\u0130YE (SANA)<\/strong> &#8211; \u00a0Lazkiye&#8217;deki itfaiye te\u015fkilat\u0131 mensuplar\u0131, Suriye Arap Ordusu helikopterlerinin kat\u0131l\u0131m\u0131yla, Kardaha b\u00f6lgesi k\u0131rsal\u0131ndaki El Fakhoura b\u00f6lgesindeki Qamin k\u00f6y\u00fcnde \u00e7\u0131kan b\u00fcy\u00fck tar\u0131m yang\u0131n\u0131n\u0131 s\u00f6nd\u00fcrd\u00fc.<\/p>\n<p style=\"text-align: justify;\">Lazkiye Sivil Savunma Direkt\u00f6r\u00fc Tu\u011fgeneral Celal Davut, SANA muhabirine vedi\u011fi deme\u00e7te, \u2018\u2019 Sivil Savunma ile \u0130tfaiye ve Tar\u0131m Tugay\u0131&#8217;na ba\u011fl\u0131 itfaiye personeli, ordu helikopterleriyle i\u015fbirli\u011fi yaparak, Qamin k\u00f6y\u00fcnde yakla\u015f\u0131k 50 d\u00f6n\u00fcml\u00fck meyve a\u011fac\u0131n\u0131n (zeytin, \u015fifal\u0131 ot ve kam\u0131\u015f) alan\u0131 yok eden b\u00fcy\u00fck yang\u0131n\u0131 kontrol alt\u0131na ald\u0131\u2019\u2019 diye devam etti.<\/p>\n<p style=\"text-align: justify;\">Davud ayr\u0131ca, \u2018\u2019Yanan alan\u0131n so\u011futulmas\u0131 s\u00fcreci devam ederken, yetkili makamlar yang\u0131n\u0131n \u00e7\u0131k\u0131\u015f nedeninin belirlenmesi i\u00e7in soru\u015fturmay\u0131 s\u00fcrd\u00fcr\u00fcyor\u2019\u2019 ifadelerini kulland\u0131.<\/p>\n<div id='gallery-1' class='gallery galleryid-304037 gallery-columns-2 gallery-size-medium'><figure class='gallery-item'>\n\t\t\t<div class='gallery-icon landscape'>\n\t\t\t\t<a href='https:\/\/archive.sana.sy\/tr\/?attachment_id=304039'><img loading=\"lazy\" decoding=\"async\" width=\"300\" height=\"200\" src=\"https:\/\/archive.sana.sy\/tr\/wp-content\/uploads\/2024\/06\/2-26-300x200.jpg\" class=\"attachment-medium size-medium\" alt=\"\" srcset=\"https:\/\/archive.sana.sy\/tr\/wp-content\/uploads\/2024\/06\/2-26-300x200.jpg 300w, https:\/\/archive.sana.sy\/tr\/wp-content\/uploads\/2024\/06\/2-26.jpg 660w\" sizes=\"auto, (max-width: 300px) 100vw, 300px\" \/><\/a>\n\t\t\t<\/div><\/figure><figure class='gallery-item'>\n\t\t\t<div class='gallery-icon landscape'>\n\t\t\t\t<a href='https:\/\/archive.sana.sy\/tr\/?attachment_id=304040'><img loading=\"lazy\" decoding=\"async\" width=\"300\" height=\"200\" src=\"https:\/\/archive.sana.sy\/tr\/wp-content\/uploads\/2024\/06\/1-28-300x200.jpg\" class=\"attachment-medium size-medium\" alt=\"\" srcset=\"https:\/\/archive.sana.sy\/tr\/wp-content\/uploads\/2024\/06\/1-28-300x200.jpg 300w, https:\/\/archive.sana.sy\/tr\/wp-content\/uploads\/2024\/06\/1-28.jpg 660w\" sizes=\"auto, (max-width: 300px) 100vw, 300px\" \/><\/a>\n\t\t\t<\/div><\/figure>\n\t\t<\/div>\n\n<p style=\"text-align: center;\"><strong><a href=\"https:\/\/t.me\/SuriyeArapHaberAjansI\">Telegram Kanal\u0131m\u0131z\u00a0<\/a>||<a href=\"https:\/\/twitter.com\/arap_ajans\">X Platformumuz\u00a0<\/a>||<a href=\"https:\/\/www.facebook.com\/SANAHaberAjansi\/\">Facebook Sayfam\u0131z<\/a><\/strong><\/p>\n","protected":false},"excerpt":{"rendered":"<p>LAZK\u0130YE (SANA) &#8211; \u00a0Lazkiye&#8217;deki itfaiye te\u015fkilat\u0131 mensuplar\u0131, Suriye Arap Ordusu helikopterlerinin kat\u0131l\u0131m\u0131yla, Kardaha b\u00f6lgesi k\u0131rsal\u0131ndaki El Fakhoura b\u00f6lgesindeki Qamin k\u00f6y\u00fcnde \u00e7\u0131kan b\u00fcy\u00fck tar\u0131m yang\u0131n\u0131n\u0131 s\u00f6nd\u00fcrd\u00fc. Lazkiye Sivil Savunma Direkt\u00f6r\u00fc Tu\u011fgeneral Celal Davut, SANA muhabirine vedi\u011fi deme\u00e7te, \u2018\u2019 Sivil Savunma ile \u0130tfaiye ve Tar\u0131m Tugay\u0131&#8217;na ba\u011fl\u0131 itfaiye personeli, ordu helikopterleriyle i\u015fbirli\u011fi yaparak, Qamin k\u00f6y\u00fcnde yakla\u015f\u0131k 50 &hellip;<\/p>\n","protected":false},"author":41,"featured_media":304038,"comment_status":"closed","ping_status":"closed","sticky":false,"template":"","format":"standard","meta":{"footnotes":""},"categories":[479,17988,478],"tags":[41811,41812],"class_list":["post-304037","post","type-post","status-publish","format-standard","has-post-thumbnail","","category-haberler-yerel","category-son-haberler","category-yerel","tag-ordu-helikopterlerinin-katilimiyla-lazkiye-kirsalindaki-kamin-koyunde-cikan-yangin-sonduruldu","tag-suriyenin-sinirindaki-yanginlar"],"_links":{"self":[{"href":"https:\/\/archive.sana.sy\/tr\/index.php?rest_route=\/wp\/v2\/posts\/304037","targetHints":{"allow":["GET"]}}],"collection":[{"href":"https:\/\/archive.sana.sy\/tr\/index.php?rest_route=\/wp\/v2\/posts"}],"about":[{"href":"https:\/\/archive.sana.sy\/tr\/index.php?rest_route=\/wp\/v2\/types\/post"}],"author":[{"embeddable":true,"href":"https:\/\/archive.sana.sy\/tr\/index.php?rest_route=\/wp\/v2\/users\/41"}],"replies":[{"embeddable":true,"href":"https:\/\/archive.sana.sy\/tr\/index.php?rest_route=%2Fwp%2Fv2%2Fcomments&post=304037"}],"version-history":[{"count":2,"href":"https:\/\/archive.sana.sy\/tr\/index.php?rest_route=\/wp\/v2\/posts\/304037\/revisions"}],"predecessor-version":[{"id":304042,"href":"https:\/\/archive.sana.sy\/tr\/index.php?rest_route=\/wp\/v2\/posts\/304037\/revisions\/304042"}],"wp:featuredmedia":[{"embeddable":true,"href":"https:\/\/archive.sana.sy\/tr\/index.php?rest_route=\/wp\/v2\/media\/304038"}],"wp:attachment":[{"href":"https:\/\/archive.sana.sy\/tr\/index.php?rest_route=%2Fwp%2Fv2%2Fmedia&parent=304037"}],"wp:term":[{"taxonomy":"category","embeddable":true,"href":"https:\/\/archive.sana.sy\/tr\/index.php?rest_route=%2Fwp%2Fv2%2Fcategories&post=304037"},{"taxonomy":"post_tag","embeddable":true,"href":"https:\/\/archive.sana.sy\/tr\/index.php?rest_route=%2Fwp%2Fv2%2Ftags&post=304037"}],"curies":[{"name":"wp","href":"https:\/\/api.w.org\/{rel}","templated":true}]}}