{"id":304043,"date":"2024-06-25T11:49:03","date_gmt":"2024-06-25T08:49:03","guid":{"rendered":"https:\/\/sana.sy\/tr\/?p=304043"},"modified":"2024-06-26T12:45:08","modified_gmt":"2024-06-26T09:45:08","slug":"zakharova-zelenskynin-danismanlarinin-aciklamalari-suclu-bir-nazi-egilimini-ifade-ediyor","status":"publish","type":"post","link":"https:\/\/archive.sana.sy\/tr\/?p=304043","title":{"rendered":"Zakharova Zelensky&#8217;nin Dan\u0131\u015fmanlar\u0131n\u0131n A\u00e7\u0131klamalar\u0131 Su\u00e7lu Bir Nazi e\u011filimini \u0130fade Ediyor"},"content":{"rendered":"<p style=\"text-align: justify;\"><strong>MOSKOVA (SANA)<\/strong> &#8211; Rusya D\u0131\u015fi\u015fleri Bakanl\u0131\u011f\u0131 s\u00f6zc\u00fcs\u00fc Maria Zakharova \u015funlar\u0131 s\u00f6yledi: Kiev rejiminin lideri Vladimir Zelensky&#8217;nin dan\u0131\u015fmanlar\u0131n\u0131n a\u00e7\u0131klamalar\u0131, a\u00e7\u0131k bir su\u00e7 niteli\u011findeki Nazi e\u011filimini ifade ediyor.<\/p>\n<p style=\"text-align: justify;\">RT, Zakharova&#8217;n\u0131n resmi Telegram kanal\u0131ndaki bir g\u00f6nderide \u015funlar\u0131 s\u00f6yledi\u011fini aktard\u0131: &#8220;Giden Ukrayna Devlet Ba\u015fkan\u0131 Zelensky&#8217;nin genelkurmay ba\u015fkan\u0131 dan\u0131\u015fman\u0131 Mikhail Podolyak&#8217;a atfedilen a\u00e7\u0131klamalar, Nazi Almanyas\u0131n\u0131n II. D\u00fcnya Sava\u015f\u0131 s\u0131ras\u0131nda K\u0131r\u0131m Yar\u0131madas\u0131&#8217;n\u0131 temizlemeye y\u00f6nelik konseptinden tam olarak kopyalanm\u0131\u015ft\u0131r.&#8221;<\/p>\n<p style=\"text-align: justify;\">Zaharova \u015f\u00f6yle devam etti: &#8220;Bug\u00fcn modern uluslararas\u0131 ter\u00f6rizmin metodolojisi olan buna Amerikan silahlar\u0131 da eklendi ama i\u00e7eri\u011fi ayn\u0131&#8230; Nazizmdir.&#8221;<\/p>\n<p style=\"text-align: justify;\">Podolyak, Telegram uygulamas\u0131ndaki kanal\u0131nda \u015funu yazm\u0131\u015ft\u0131: \u201cB\u00fcy\u00fck bir askeri kamp ve depo olan, y\u00fczlerce do\u011frudan askeri hedefin bulundu\u011fu K\u0131r\u0131m&#8217;da bar\u0131\u015f\u00e7\u0131l bir ya\u015fam olmamal\u0131&#8230;Yar\u0131madada plajlar, turistik alanlar ya da bar\u0131\u015f\u00e7\u0131l ya\u015fam\u0131n izleri olamaz, olamaz.\u201d<\/p>\n<p style=\"text-align: center;\"><strong><a href=\"https:\/\/t.me\/SuriyeArapHaberAjansI\">Telegram Kanal\u0131m\u0131z\u00a0<\/a>||<a href=\"https:\/\/twitter.com\/arap_ajans\">X Platformumuz\u00a0<\/a>||<a href=\"https:\/\/www.facebook.com\/SANAHaberAjansi\/\">Facebook Sayfam\u0131z<\/a><\/strong><\/p>\n","protected":false},"excerpt":{"rendered":"<p>MOSKOVA (SANA) &#8211; Rusya D\u0131\u015fi\u015fleri Bakanl\u0131\u011f\u0131 s\u00f6zc\u00fcs\u00fc Maria Zakharova \u015funlar\u0131 s\u00f6yledi: Kiev rejiminin lideri Vladimir Zelensky&#8217;nin dan\u0131\u015fmanlar\u0131n\u0131n a\u00e7\u0131klamalar\u0131, a\u00e7\u0131k bir su\u00e7 niteli\u011findeki Nazi e\u011filimini ifade ediyor. RT, Zakharova&#8217;n\u0131n resmi Telegram kanal\u0131ndaki bir g\u00f6nderide \u015funlar\u0131 s\u00f6yledi\u011fini aktard\u0131: &#8220;Giden Ukrayna Devlet Ba\u015fkan\u0131 Zelensky&#8217;nin genelkurmay ba\u015fkan\u0131 dan\u0131\u015fman\u0131 Mikhail Podolyak&#8217;a atfedilen a\u00e7\u0131klamalar, Nazi Almanyas\u0131n\u0131n II. D\u00fcnya Sava\u015f\u0131 s\u0131ras\u0131nda K\u0131r\u0131m &hellip;<\/p>\n","protected":false},"author":41,"featured_media":304044,"comment_status":"closed","ping_status":"closed","sticky":false,"template":"","format":"standard","meta":{"footnotes":""},"categories":[458,459,17988],"tags":[41813],"class_list":["post-304043","post","type-post","status-publish","format-standard","has-post-thumbnail","","category-dunya1","category-haberler-arap-uluslararasi-politika","category-son-haberler","tag-zakharova-zelenskynin-danismanlarinin-aciklamalari-suclu-bir-nazi-egilimini-ifade-ediyor"],"_links":{"self":[{"href":"https:\/\/archive.sana.sy\/tr\/index.php?rest_route=\/wp\/v2\/posts\/304043","targetHints":{"allow":["GET"]}}],"collection":[{"href":"https:\/\/archive.sana.sy\/tr\/index.php?rest_route=\/wp\/v2\/posts"}],"about":[{"href":"https:\/\/archive.sana.sy\/tr\/index.php?rest_route=\/wp\/v2\/types\/post"}],"author":[{"embeddable":true,"href":"https:\/\/archive.sana.sy\/tr\/index.php?rest_route=\/wp\/v2\/users\/41"}],"replies":[{"embeddable":true,"href":"https:\/\/archive.sana.sy\/tr\/index.php?rest_route=%2Fwp%2Fv2%2Fcomments&post=304043"}],"version-history":[{"count":1,"href":"https:\/\/archive.sana.sy\/tr\/index.php?rest_route=\/wp\/v2\/posts\/304043\/revisions"}],"predecessor-version":[{"id":304045,"href":"https:\/\/archive.sana.sy\/tr\/index.php?rest_route=\/wp\/v2\/posts\/304043\/revisions\/304045"}],"wp:featuredmedia":[{"embeddable":true,"href":"https:\/\/archive.sana.sy\/tr\/index.php?rest_route=\/wp\/v2\/media\/304044"}],"wp:attachment":[{"href":"https:\/\/archive.sana.sy\/tr\/index.php?rest_route=%2Fwp%2Fv2%2Fmedia&parent=304043"}],"wp:term":[{"taxonomy":"category","embeddable":true,"href":"https:\/\/archive.sana.sy\/tr\/index.php?rest_route=%2Fwp%2Fv2%2Fcategories&post=304043"},{"taxonomy":"post_tag","embeddable":true,"href":"https:\/\/archive.sana.sy\/tr\/index.php?rest_route=%2Fwp%2Fv2%2Ftags&post=304043"}],"curies":[{"name":"wp","href":"https:\/\/api.w.org\/{rel}","templated":true}]}}