{"id":304047,"date":"2024-06-25T14:06:03","date_gmt":"2024-06-25T11:06:03","guid":{"rendered":"https:\/\/sana.sy\/tr\/?p=304047"},"modified":"2024-06-26T12:45:12","modified_gmt":"2024-06-26T09:45:12","slug":"dusman-israil-guney-lubnandaki-koy-ve-kasabalara-saldirilarini-yeniledi-7","status":"publish","type":"post","link":"https:\/\/archive.sana.sy\/tr\/?p=304047","title":{"rendered":"D\u00fc\u015fman \u0130srail G\u00fcney L\u00fcbnan&#8217;daki K\u00f6y Ve Kasabalara Sald\u0131rganl\u0131klar\u0131n\u0131 Yeniledi"},"content":{"rendered":"<p style=\"text-align: justify;\"><strong>BEYRUT (SANA)<\/strong> \u2013 I\u015fgalci \u0130srail bug\u00fcn g\u00fcney L\u00fcbnan&#8217;daki k\u00f6y ve kasabalara y\u00f6nelik sald\u0131rganl\u0131klar\u0131n\u0131 s\u00fcrd\u00fcrerek evlere, m\u00fclklere ve altyap\u0131ya daha ciddi zararlar verdi.<\/p>\n<p style=\"text-align: justify;\">L\u00fcbnan Ulusal Haber Ajans\u0131, d\u00fc\u015fman u\u00e7aklar\u0131n\u0131n Hiam kasabas\u0131n\u0131 hedef alan bir bask\u0131n d\u00fczenledi\u011fini, bir ba\u015fka sald\u0131r\u0131n\u0131n ise do\u011fudaki El Adisa ile Kafr Kila aras\u0131ndaki mahalleyi hedef ald\u0131\u011f\u0131n\u0131 bildirdi.<\/p>\n<p style=\"text-align: justify;\">D\u00fc\u015fman, bat\u0131 kesimdeki Naqoura kasabas\u0131n\u0131n d\u0131\u015f mahallelerini top\u00e7u ate\u015fiyle hedef al\u0131rken, d\u00fc\u015fman y\u00fcr\u00fcy\u00fc\u015f\u00fc El Taybeh kasabas\u0131ndaki telefon santralinin yak\u0131n\u0131na vatanda\u015flar aras\u0131nda herhangi bir can kayb\u0131na yol a\u00e7madan bir f\u00fcze ate\u015fledi.<\/p>\n<p style=\"text-align: justify;\">\u0130\u015fgal g\u00fc\u00e7lerinin El Vezzani b\u00f6lgesinde bir kamyonete ate\u015f a\u00e7mas\u0131, d\u00fc\u015fman u\u00e7aklar\u0131n\u0131n Marjayoun b\u00f6lgesinde de ses duvar\u0131n\u0131 k\u0131rarak al\u00e7aktan u\u00e7mas\u0131 vatanda\u015flar aras\u0131nda pani\u011fe neden oldu.<\/p>\n<p style=\"text-align: center;\"><strong><a href=\"https:\/\/t.me\/SuriyeArapHaberAjansI\">Telegram Kanal\u0131m\u0131z\u00a0<\/a>||<a href=\"https:\/\/twitter.com\/arap_ajans\">X Platformumuz\u00a0<\/a>||<a href=\"https:\/\/www.facebook.com\/SANAHaberAjansi\/\">Facebook Sayfam\u0131z<\/a><\/strong><\/p>\n","protected":false},"excerpt":{"rendered":"<p>BEYRUT (SANA) \u2013 I\u015fgalci \u0130srail bug\u00fcn g\u00fcney L\u00fcbnan&#8217;daki k\u00f6y ve kasabalara y\u00f6nelik sald\u0131rganl\u0131klar\u0131n\u0131 s\u00fcrd\u00fcrerek evlere, m\u00fclklere ve altyap\u0131ya daha ciddi zararlar verdi. L\u00fcbnan Ulusal Haber Ajans\u0131, d\u00fc\u015fman u\u00e7aklar\u0131n\u0131n Hiam kasabas\u0131n\u0131 hedef alan bir bask\u0131n d\u00fczenledi\u011fini, bir ba\u015fka sald\u0131r\u0131n\u0131n ise do\u011fudaki El Adisa ile Kafr Kila aras\u0131ndaki mahalleyi hedef ald\u0131\u011f\u0131n\u0131 bildirdi. D\u00fc\u015fman, bat\u0131 kesimdeki Naqoura kasabas\u0131n\u0131n &hellip;<\/p>\n","protected":false},"author":41,"featured_media":304048,"comment_status":"closed","ping_status":"closed","sticky":false,"template":"","format":"standard","meta":{"footnotes":""},"categories":[458,459,17988],"tags":[40528],"class_list":["post-304047","post","type-post","status-publish","format-standard","has-post-thumbnail","","category-dunya1","category-haberler-arap-uluslararasi-politika","category-son-haberler","tag-dusman-israil-guney-lubnandaki-koy-ve-kasabalara-saldirilarini-yeniledi"],"_links":{"self":[{"href":"https:\/\/archive.sana.sy\/tr\/index.php?rest_route=\/wp\/v2\/posts\/304047","targetHints":{"allow":["GET"]}}],"collection":[{"href":"https:\/\/archive.sana.sy\/tr\/index.php?rest_route=\/wp\/v2\/posts"}],"about":[{"href":"https:\/\/archive.sana.sy\/tr\/index.php?rest_route=\/wp\/v2\/types\/post"}],"author":[{"embeddable":true,"href":"https:\/\/archive.sana.sy\/tr\/index.php?rest_route=\/wp\/v2\/users\/41"}],"replies":[{"embeddable":true,"href":"https:\/\/archive.sana.sy\/tr\/index.php?rest_route=%2Fwp%2Fv2%2Fcomments&post=304047"}],"version-history":[{"count":2,"href":"https:\/\/archive.sana.sy\/tr\/index.php?rest_route=\/wp\/v2\/posts\/304047\/revisions"}],"predecessor-version":[{"id":304050,"href":"https:\/\/archive.sana.sy\/tr\/index.php?rest_route=\/wp\/v2\/posts\/304047\/revisions\/304050"}],"wp:featuredmedia":[{"embeddable":true,"href":"https:\/\/archive.sana.sy\/tr\/index.php?rest_route=\/wp\/v2\/media\/304048"}],"wp:attachment":[{"href":"https:\/\/archive.sana.sy\/tr\/index.php?rest_route=%2Fwp%2Fv2%2Fmedia&parent=304047"}],"wp:term":[{"taxonomy":"category","embeddable":true,"href":"https:\/\/archive.sana.sy\/tr\/index.php?rest_route=%2Fwp%2Fv2%2Fcategories&post=304047"},{"taxonomy":"post_tag","embeddable":true,"href":"https:\/\/archive.sana.sy\/tr\/index.php?rest_route=%2Fwp%2Fv2%2Ftags&post=304047"}],"curies":[{"name":"wp","href":"https:\/\/api.w.org\/{rel}","templated":true}]}}