{"id":304064,"date":"2024-06-26T10:11:10","date_gmt":"2024-06-26T07:11:10","guid":{"rendered":"https:\/\/sana.sy\/tr\/?p=304064"},"modified":"2024-06-27T09:53:13","modified_gmt":"2024-06-27T06:53:13","slug":"dahhak-isgalin-filistinde-suclarini-surdurmesi-ve-suriyeye-yonelik-saldirilari-sonucunda-arap-bolgesi-tehlikeli-bir-tirmanisa-dogru-gidiyor","status":"publish","type":"post","link":"https:\/\/archive.sana.sy\/tr\/?p=304064","title":{"rendered":"Dahhak: \u0130\u015fgalin Filistin&#8217;de Su\u00e7lar\u0131n\u0131 S\u00fcrd\u00fcrmesi Ve Suriye&#8217;ye Y\u00f6nelik Sald\u0131r\u0131lar\u0131 Sonucunda Arap B\u00f6lgesi Tehlikeli Bir T\u0131rman\u0131\u015fa Do\u011fru Gidiyor"},"content":{"rendered":"<p style=\"text-align: justify;\"><strong>NEW YORK (SANA)<\/strong> &#8211; Suriye&#8217;nin Birle\u015fmi\u015f Milletler Daimi Temsilcisi B\u00fcy\u00fckel\u00e7i Kusey Dahhak, \u0130srail i\u015fgalinin Filistinlilere y\u00f6nelik su\u00e7lar\u0131n\u0131 s\u00fcrd\u00fcrmesi, Suriye topraklar\u0131na tekrar tekrar sald\u0131rmas\u0131 ve L\u00fcbnan&#8217;a sald\u0131rganl\u0131k ba\u015flatma tehditleri sonucunda Arap b\u00f6lgesinin yeni bir istikrars\u0131zl\u0131k a\u015famas\u0131na ve kapsaml\u0131 bir gerilime do\u011fru gerileme tehlikelerine tan\u0131k oldu\u011funu vurgulayarak, \u00a0bu su\u00e7lar\u0131n, kendilerini insan haklar\u0131n\u0131n koruyucusu ilan eden baz\u0131 Bat\u0131l\u0131 \u00fclkelerin ikiy\u00fczl\u00fcl\u00fc\u011f\u00fcn\u00fcn boyutunu ortaya koydu\u011funa dikkati \u00e7ekti.<\/p>\n<p style=\"text-align: justify;\">Dahhak, bug\u00fcn G\u00fcvenlik Konseyi toplant\u0131s\u0131nda Orta Do\u011fu&#8217;daki durumla ilgili \u015funlar\u0131 s\u00f6yledi: &#8221;ABD ve m\u00fcttefikleri, bu gerilimi kontrol alt\u0131na almak yerine, durumu sakinle\u015ftirmeye \u00e7al\u0131\u015f\u0131yor ve b\u00f6lgede istikrar\u0131n sa\u011flanmas\u0131na yard\u0131mc\u0131 olacak yap\u0131c\u0131 bir yakla\u015f\u0131m izliyor, uluslararas\u0131 hukukun \u00f6n\u00fcnde i\u015fgalci yap\u0131n\u0131n \u00e7\u0131karlar\u0131n\u0131 \u00f6n planda tutuyor. \u00a0\u0130srailli sava\u015f su\u00e7lular\u0131na \u00e7e\u015fitli \u015fekillerde siyasi, askeri ve mali destek sa\u011flad\u0131lar ve onlara Filistin halk\u0131na y\u00f6nelik soyk\u0131r\u0131mlar\u0131n\u0131 ve b\u00f6lge \u00fclkelerine y\u00f6nelik sald\u0131r\u0131lar\u0131n\u0131 s\u00fcrd\u00fcrmeleri i\u00e7in yeterli s\u00fcre tan\u0131d\u0131lar. Onlarca y\u0131ld\u0131r G\u00fcvenlik Konseyi&#8217;nin uluslararas\u0131 bar\u0131\u015f ve g\u00fcvenli\u011fin korunmas\u0131 konusundaki sorumluluklar\u0131n\u0131 \u00fcstlenmesine ve i\u015fgalin sona erdirilmesine y\u00f6nelik kararlar\u0131n\u0131n uygulamaya konulmas\u0131na engel oldular.&#8221;<\/p>\n<p style=\"text-align: justify;\">Dahhak, \u0130srail i\u015fgali ve destek\u00e7ilerinin Gazze&#8217;de i\u015fledi\u011fi su\u00e7lar\u0131n, baz\u0131 Bat\u0131l\u0131 \u00fclkelerin uygulad\u0131\u011f\u0131 ikiy\u00fczl\u00fcl\u00fc\u011f\u00fcn boyutlar\u0131n\u0131 ortaya \u00e7\u0131kard\u0131\u011f\u0131n\u0131 a\u00e7\u0131klarken, ABD ve m\u00fcttefiklerinin uzun y\u0131llar boyunca Suriye&#8217;nin ve bir\u00e7ok \u00fclkenin i\u00e7i\u015flerine m\u00fcdahale ederek g\u00fcvenlik ve istikrar\u0131n\u0131 istikrars\u0131zla\u015ft\u0131rmak i\u00e7in &#8220;insan haklar\u0131, demokrasinin yay\u0131lmas\u0131 ve iyi y\u00f6netim&#8221; sloganlar\u0131n\u0131 kulland\u0131\u011f\u0131na dikkat \u00e7ekti.<\/p>\n<p style=\"text-align: justify;\">Suriye&#8217;nin Birle\u015fmi\u015f Milletler Daimi Temsilcisi, Bat\u0131&#8217;n\u0131n tek tarafl\u0131 zorlay\u0131c\u0131 tedbirleri sonucunda Suriye halk\u0131n\u0131n ac\u0131lar\u0131n\u0131n devam etti\u011fini belirtirken, meselenin elektrik enerjisi \u00fcretim tesisleri kurmakla ilgili olmad\u0131\u011f\u0131n\u0131, sadece bunlar\u0131n yedek par\u00e7a ve bak\u0131m \u00e7al\u0131\u015fmalar\u0131n\u0131n sa\u011flanmas\u0131yla ilgili oldu\u011funu kaydetti.<\/p>\n<p style=\"text-align: justify;\">Suriye&#8217;nin baz\u0131 ki\u015filerin ba\u011f\u0131\u015f\u00e7\u0131lar\u0131 insani yard\u0131m \u00e7al\u0131\u015fmalar\u0131na destek vermekten cayd\u0131rmas\u0131n\u0131 ve Suriye ve halk\u0131n\u0131n \u00e7\u0131karlar\u0131yla ba\u011fda\u015fmayan tavizler elde etmek i\u00e7in bask\u0131 yapmak amac\u0131yla Suriye halk\u0131n\u0131n ac\u0131lar\u0131n\u0131 kas\u0131tl\u0131 olarak uzatmas\u0131n\u0131 k\u0131nad\u0131\u011f\u0131n\u0131 ifade eden Dahhak, ilgili t\u00fcm Birle\u015fmi\u015f Milletler kararlar\u0131, Suriye&#8217;nin egemenli\u011fine, birli\u011fine ve toprak b\u00fct\u00fcnl\u00fc\u011f\u00fcne tam sayg\u0131 g\u00f6sterilmesinin gereklili\u011fini teyit ederken, T\u00fcrk ve Amerikan i\u015fgal g\u00fc\u00e7lerinin Suriye topraklar\u0131n\u0131n baz\u0131 k\u0131s\u0131mlar\u0131nda yasad\u0131\u015f\u0131 varl\u0131\u011f\u0131n\u0131n ve istikrars\u0131zla\u015ft\u0131r\u0131c\u0131 uygulamalar\u0131n\u0131n devam etti\u011fine dikkat \u00e7ekti.<\/p>\n<p style=\"text-align: justify;\">Dahhak ayr\u0131ca, T\u00fcrk i\u015fgal g\u00fc\u00e7lerinin ve Amerika taraf\u0131ndan destekli milislerinin Alluk su istasyonuna y\u00f6nelik sald\u0131r\u0131lar\u0131 sonucunda Haseke kenti ve k\u0131rsal\u0131nda bir milyondan fazla insan\u0131m\u0131z\u0131n sudan mahrum kalmas\u0131 sonucu ma\u011fduriyetinin devam etti\u011fine i\u015faret etti.<\/p>\n<p style=\"text-align: justify;\">Suriye Temsilcisi konu\u015fmas\u0131nda da, Suriye&#8217;nin ulusal anayasal y\u00fck\u00fcml\u00fcl\u00fcklerini anayasal tarihlerinde, devlet kurumlar\u0131n\u0131n rol\u00fcn\u00fc art\u0131racak ve \u00fclkenin egemenli\u011fini, g\u00fcvenli\u011fini ve istikrar\u0131n\u0131 koruyacak \u015fekilde yerine getirme konusundaki isteklili\u011fini vurgulad\u0131.<\/p>\n<p style=\"text-align: center;\"><strong><a href=\"https:\/\/t.me\/SuriyeArapHaberAjansI\">Telegram Kanal\u0131m\u0131z\u00a0<\/a>||<a href=\"https:\/\/twitter.com\/arap_ajans\">X Platformumuz\u00a0<\/a>||<a href=\"https:\/\/www.facebook.com\/SANAHaberAjansi\/\">Facebook Sayfam\u0131z<\/a><\/strong><\/p>\n","protected":false},"excerpt":{"rendered":"<p>NEW YORK (SANA) &#8211; Suriye&#8217;nin Birle\u015fmi\u015f Milletler Daimi Temsilcisi B\u00fcy\u00fckel\u00e7i Kusey Dahhak, \u0130srail i\u015fgalinin Filistinlilere y\u00f6nelik su\u00e7lar\u0131n\u0131 s\u00fcrd\u00fcrmesi, Suriye topraklar\u0131na tekrar tekrar sald\u0131rmas\u0131 ve L\u00fcbnan&#8217;a sald\u0131rganl\u0131k ba\u015flatma tehditleri sonucunda Arap b\u00f6lgesinin yeni bir istikrars\u0131zl\u0131k a\u015famas\u0131na ve kapsaml\u0131 bir gerilime do\u011fru gerileme tehlikelerine tan\u0131k oldu\u011funu vurgulayarak, \u00a0bu su\u00e7lar\u0131n, kendilerini insan haklar\u0131n\u0131n koruyucusu ilan eden baz\u0131 Bat\u0131l\u0131 &hellip;<\/p>\n","protected":false},"author":39,"featured_media":304065,"comment_status":"closed","ping_status":"closed","sticky":false,"template":"","format":"standard","meta":{"footnotes":""},"categories":[458,459,17988],"tags":[],"class_list":["post-304064","post","type-post","status-publish","format-standard","has-post-thumbnail","","category-dunya1","category-haberler-arap-uluslararasi-politika","category-son-haberler"],"_links":{"self":[{"href":"https:\/\/archive.sana.sy\/tr\/index.php?rest_route=\/wp\/v2\/posts\/304064","targetHints":{"allow":["GET"]}}],"collection":[{"href":"https:\/\/archive.sana.sy\/tr\/index.php?rest_route=\/wp\/v2\/posts"}],"about":[{"href":"https:\/\/archive.sana.sy\/tr\/index.php?rest_route=\/wp\/v2\/types\/post"}],"author":[{"embeddable":true,"href":"https:\/\/archive.sana.sy\/tr\/index.php?rest_route=\/wp\/v2\/users\/39"}],"replies":[{"embeddable":true,"href":"https:\/\/archive.sana.sy\/tr\/index.php?rest_route=%2Fwp%2Fv2%2Fcomments&post=304064"}],"version-history":[{"count":1,"href":"https:\/\/archive.sana.sy\/tr\/index.php?rest_route=\/wp\/v2\/posts\/304064\/revisions"}],"predecessor-version":[{"id":304066,"href":"https:\/\/archive.sana.sy\/tr\/index.php?rest_route=\/wp\/v2\/posts\/304064\/revisions\/304066"}],"wp:featuredmedia":[{"embeddable":true,"href":"https:\/\/archive.sana.sy\/tr\/index.php?rest_route=\/wp\/v2\/media\/304065"}],"wp:attachment":[{"href":"https:\/\/archive.sana.sy\/tr\/index.php?rest_route=%2Fwp%2Fv2%2Fmedia&parent=304064"}],"wp:term":[{"taxonomy":"category","embeddable":true,"href":"https:\/\/archive.sana.sy\/tr\/index.php?rest_route=%2Fwp%2Fv2%2Fcategories&post=304064"},{"taxonomy":"post_tag","embeddable":true,"href":"https:\/\/archive.sana.sy\/tr\/index.php?rest_route=%2Fwp%2Fv2%2Ftags&post=304064"}],"curies":[{"name":"wp","href":"https:\/\/api.w.org\/{rel}","templated":true}]}}