{"id":304082,"date":"2024-06-26T10:41:58","date_gmt":"2024-06-26T07:41:58","guid":{"rendered":"https:\/\/sana.sy\/tr\/?p=304082"},"modified":"2024-06-27T09:53:17","modified_gmt":"2024-06-27T06:53:17","slug":"arap-yabanci-ve-yerli-katilimiyla-syria-plast-2024-fuari-faaliyetlerine-basladi","status":"publish","type":"post","link":"https:\/\/archive.sana.sy\/tr\/?p=304082","title":{"rendered":"Arap, yabanc\u0131 ve yerli \u015firketlerin Kat\u0131l\u0131m\u0131yla&#8230; Syria Plast 2024 Fuar\u0131 Faaliyetlerine Ba\u015flad\u0131"},"content":{"rendered":"<p style=\"text-align: justify;\"><strong>\u015eAM (SANA) \u2013<\/strong> Suriyeli, Arap ve yabanc\u0131 50&#8217;den fazla \u015firketin kat\u0131l\u0131m\u0131yla Suriye Uluslararas\u0131 Plastik End\u00fcstrisi Fuar\u0131 &#8220;Syria Plast 2024&#8221; etkinlikleri bug\u00fcn \u015eam&#8217;daki Fuarlar Kentinde ba\u015flayacak.<\/p>\n<p style=\"text-align: justify;\">Ma\u015fhadani Uluslararas\u0131 Sergiler ve Konferanslar Grubu&#8217;nun Sanayi Bakanl\u0131\u011f\u0131 i\u015fbirli\u011fiyle d\u00fczenledi\u011fi sergi 4 g\u00fcn s\u00fcrecek.<\/p>\n<p style=\"text-align: justify;\">Fuarda makineler, kimyasallar, hammaddeler, yard\u0131mc\u0131 sanayi makineleri, \u00fcretim hatlar\u0131 dahil olmak \u00fczere plastik sekt\u00f6r\u00fcne ili\u015fkin her \u015fey ile teknoloji alan\u0131ndaki ve plastik, kau\u00e7uk ve naylon sekt\u00f6r\u00fcne ili\u015fkin t\u00fcm yenilikleri i\u00e7eriyor. Fuarda ayr\u0131ca, \u00e7ok \u00e7e\u015fitli plastik \u00fcr\u00fcnlerin yan\u0131 s\u0131ra, hammaddeden ba\u015flayarak son \u00fcr\u00fcne kadar olan \u00fcretim mekanizmas\u0131 da sunulacak.<\/p>\n<p style=\"text-align: justify;\">Sergiyi d\u00fczenleyen grubun Genel M\u00fcd\u00fcr\u00fc Halaf Ma\u015fhadani, SANA muhabirine yapt\u0131\u011f\u0131 a\u00e7\u0131klamada, &#8220;bu y\u0131lki oturuma yerel \u015firketlerin yan\u0131 s\u0131ra \u00dcrd\u00fcn, Umman Sultanl\u0131\u011f\u0131 ve \u0130ran&#8217;dan da kat\u0131l\u0131m\u0131n g\u00f6r\u00fcld\u00fc\u011f\u00fcn\u00fc, bunun deneyim al\u0131\u015fveri\u015finde bulunmak ve plastik end\u00fcstrisi sekt\u00f6r\u00fcndeki en son yenilikler ve ileri teknik \u00e7\u00f6z\u00fcmler hakk\u0131nda bilgi edinmek i\u00e7in harika bir f\u0131rsat sunuyor&#8221; dedi.<\/p>\n<p style=\"text-align: center;\"><strong><a href=\"https:\/\/t.me\/SuriyeArapHaberAjansI\">Telegram Kanal\u0131m\u0131z\u00a0<\/a>||<a href=\"https:\/\/twitter.com\/arap_ajans\">X Platformumuz\u00a0<\/a>||<a href=\"https:\/\/www.facebook.com\/SANAHaberAjansi\/\">Facebook Sayfam\u0131z<\/a><\/strong><\/p>\n","protected":false},"excerpt":{"rendered":"<p>\u015eAM (SANA) \u2013 Suriyeli, Arap ve yabanc\u0131 50&#8217;den fazla \u015firketin kat\u0131l\u0131m\u0131yla Suriye Uluslararas\u0131 Plastik End\u00fcstrisi Fuar\u0131 &#8220;Syria Plast 2024&#8221; etkinlikleri bug\u00fcn \u015eam&#8217;daki Fuarlar Kentinde ba\u015flayacak. Ma\u015fhadani Uluslararas\u0131 Sergiler ve Konferanslar Grubu&#8217;nun Sanayi Bakanl\u0131\u011f\u0131 i\u015fbirli\u011fiyle d\u00fczenledi\u011fi sergi 4 g\u00fcn s\u00fcrecek. Fuarda makineler, kimyasallar, hammaddeler, yard\u0131mc\u0131 sanayi makineleri, \u00fcretim hatlar\u0131 dahil olmak \u00fczere plastik sekt\u00f6r\u00fcne ili\u015fkin her &hellip;<\/p>\n","protected":false},"author":39,"featured_media":304083,"comment_status":"closed","ping_status":"closed","sticky":false,"template":"","format":"standard","meta":{"footnotes":""},"categories":[479,17988,478],"tags":[],"class_list":["post-304082","post","type-post","status-publish","format-standard","has-post-thumbnail","","category-haberler-yerel","category-son-haberler","category-yerel"],"_links":{"self":[{"href":"https:\/\/archive.sana.sy\/tr\/index.php?rest_route=\/wp\/v2\/posts\/304082","targetHints":{"allow":["GET"]}}],"collection":[{"href":"https:\/\/archive.sana.sy\/tr\/index.php?rest_route=\/wp\/v2\/posts"}],"about":[{"href":"https:\/\/archive.sana.sy\/tr\/index.php?rest_route=\/wp\/v2\/types\/post"}],"author":[{"embeddable":true,"href":"https:\/\/archive.sana.sy\/tr\/index.php?rest_route=\/wp\/v2\/users\/39"}],"replies":[{"embeddable":true,"href":"https:\/\/archive.sana.sy\/tr\/index.php?rest_route=%2Fwp%2Fv2%2Fcomments&post=304082"}],"version-history":[{"count":5,"href":"https:\/\/archive.sana.sy\/tr\/index.php?rest_route=\/wp\/v2\/posts\/304082\/revisions"}],"predecessor-version":[{"id":304088,"href":"https:\/\/archive.sana.sy\/tr\/index.php?rest_route=\/wp\/v2\/posts\/304082\/revisions\/304088"}],"wp:featuredmedia":[{"embeddable":true,"href":"https:\/\/archive.sana.sy\/tr\/index.php?rest_route=\/wp\/v2\/media\/304083"}],"wp:attachment":[{"href":"https:\/\/archive.sana.sy\/tr\/index.php?rest_route=%2Fwp%2Fv2%2Fmedia&parent=304082"}],"wp:term":[{"taxonomy":"category","embeddable":true,"href":"https:\/\/archive.sana.sy\/tr\/index.php?rest_route=%2Fwp%2Fv2%2Fcategories&post=304082"},{"taxonomy":"post_tag","embeddable":true,"href":"https:\/\/archive.sana.sy\/tr\/index.php?rest_route=%2Fwp%2Fv2%2Ftags&post=304082"}],"curies":[{"name":"wp","href":"https:\/\/api.w.org\/{rel}","templated":true}]}}