{"id":304097,"date":"2024-06-26T12:42:26","date_gmt":"2024-06-26T09:42:26","guid":{"rendered":"https:\/\/sana.sy\/tr\/?p=304097"},"modified":"2024-06-27T09:53:23","modified_gmt":"2024-06-27T06:53:23","slug":"nebenzia-rusya-suriyenin-yasadisi-yabanci-guclerin-topraklarindan-cekilmesi-talebini-destekliyor","status":"publish","type":"post","link":"https:\/\/archive.sana.sy\/tr\/?p=304097","title":{"rendered":"Nebenzia: Rusya, Suriye&#8217;nin Yasad\u0131\u015f\u0131 Yabanc\u0131 G\u00fc\u00e7lerin Topraklar\u0131ndan \u00c7ekilmesi Talebini Destekliyor"},"content":{"rendered":"<p style=\"text-align: justify;\"><strong>NEW YORK (SANA) \u2013<\/strong> Rusya&#8217;n\u0131n Birle\u015fmi\u015f Milletler Daimi Temsilcisi Vasily Nebenzia, \u00fclkesinin Suriye&#8217;nin \u00fclkede yasad\u0131\u015f\u0131 olarak bulunan t\u00fcm yabanc\u0131 g\u00fc\u00e7lerin geri \u00e7ekilmesi y\u00f6n\u00fcndeki talebini destekledi\u011fini vurgulad\u0131.<\/p>\n<p style=\"text-align: justify;\">Nebenzia, TASS Ajans\u0131&#8217;n\u0131n haberine g\u00f6re, BM G\u00fcvenlik Konseyi&#8217;nin Suriye&#8217;deki insani ve siyasi durumla ilgili yapt\u0131\u011f\u0131 toplant\u0131da, Suriye&#8217;nin altyap\u0131 tesislerine y\u00f6nelik sald\u0131r\u0131lar\u0131n\u0131 s\u00fcrd\u00fcren \u0130srail&#8217;in ger\u00e7ekle\u015ftirdi\u011fi sald\u0131r\u0131lar ve Amerikan g\u00fc\u00e7lerinin yasa d\u0131\u015f\u0131 varl\u0131\u011f\u0131 nedeniyle Suriye&#8217;deki durumun hala tam anlam\u0131yla istikrarl\u0131 olmad\u0131\u011f\u0131na dikkat \u00e7ekti.<\/p>\n<p style=\"text-align: justify;\">Nebenzia, &#8220;\u0130\u015fgal alt\u0131ndaki Filistin topraklar\u0131ndaki askeri operasyonlar\u0131n devam etmesi ve kom\u015fu \u00fclkelerin m\u00fcdahalesinin b\u00fcy\u00fck riskleri nedeniyle b\u00f6lgedeki durum olduk\u00e7a de\u011fi\u015fken olmaya devam ediyor ve bu arada Suriye&#8217;deki insani duruma ili\u015fkin endi\u015fe nedenleri art\u0131yor\u201d diyerek, \u0130dlib ve Suriye&#8217;nin kuzeydo\u011fusundaki b\u00f6lgelerde ter\u00f6r yataklar\u0131n\u0131n devam etti\u011fine dikkat \u00e7ekti.<\/p>\n<p style=\"text-align: justify;\">Rusyal\u0131 delegesi, Rusya&#8217;n\u0131n, \u00fclkenin egemenli\u011fini ve toprak b\u00fct\u00fcnl\u00fc\u011f\u00fcn\u00fc ihlal eden yasad\u0131\u015f\u0131 yabanc\u0131 askeri varl\u0131\u011f\u0131na son verilmesi ve \u0130srail sald\u0131r\u0131lar\u0131na son verilmesi d\u0131\u015f\u0131nda Suriye&#8217;de s\u00fcrd\u00fcr\u00fclebilir istikrar\u0131n sa\u011flanamayaca\u011f\u0131na inand\u0131\u011f\u0131n\u0131 a\u00e7\u0131klad\u0131.<\/p>\n<p style=\"text-align: center;\"><strong><a href=\"https:\/\/t.me\/SuriyeArapHaberAjansI\">Telegram Kanal\u0131m\u0131z\u00a0<\/a>||<a href=\"https:\/\/twitter.com\/arap_ajans\">X Platformumuz\u00a0<\/a>||<a href=\"https:\/\/www.facebook.com\/SANAHaberAjansi\/\">Facebook Sayfam\u0131z<\/a><\/strong><\/p>\n","protected":false},"excerpt":{"rendered":"<p>NEW YORK (SANA) \u2013 Rusya&#8217;n\u0131n Birle\u015fmi\u015f Milletler Daimi Temsilcisi Vasily Nebenzia, \u00fclkesinin Suriye&#8217;nin \u00fclkede yasad\u0131\u015f\u0131 olarak bulunan t\u00fcm yabanc\u0131 g\u00fc\u00e7lerin geri \u00e7ekilmesi y\u00f6n\u00fcndeki talebini destekledi\u011fini vurgulad\u0131. Nebenzia, TASS Ajans\u0131&#8217;n\u0131n haberine g\u00f6re, BM G\u00fcvenlik Konseyi&#8217;nin Suriye&#8217;deki insani ve siyasi durumla ilgili yapt\u0131\u011f\u0131 toplant\u0131da, Suriye&#8217;nin altyap\u0131 tesislerine y\u00f6nelik sald\u0131r\u0131lar\u0131n\u0131 s\u00fcrd\u00fcren \u0130srail&#8217;in ger\u00e7ekle\u015ftirdi\u011fi sald\u0131r\u0131lar ve Amerikan g\u00fc\u00e7lerinin yasa &hellip;<\/p>\n","protected":false},"author":39,"featured_media":304098,"comment_status":"closed","ping_status":"closed","sticky":false,"template":"","format":"standard","meta":{"footnotes":""},"categories":[458,459,17988],"tags":[],"class_list":["post-304097","post","type-post","status-publish","format-standard","has-post-thumbnail","","category-dunya1","category-haberler-arap-uluslararasi-politika","category-son-haberler"],"_links":{"self":[{"href":"https:\/\/archive.sana.sy\/tr\/index.php?rest_route=\/wp\/v2\/posts\/304097","targetHints":{"allow":["GET"]}}],"collection":[{"href":"https:\/\/archive.sana.sy\/tr\/index.php?rest_route=\/wp\/v2\/posts"}],"about":[{"href":"https:\/\/archive.sana.sy\/tr\/index.php?rest_route=\/wp\/v2\/types\/post"}],"author":[{"embeddable":true,"href":"https:\/\/archive.sana.sy\/tr\/index.php?rest_route=\/wp\/v2\/users\/39"}],"replies":[{"embeddable":true,"href":"https:\/\/archive.sana.sy\/tr\/index.php?rest_route=%2Fwp%2Fv2%2Fcomments&post=304097"}],"version-history":[{"count":2,"href":"https:\/\/archive.sana.sy\/tr\/index.php?rest_route=\/wp\/v2\/posts\/304097\/revisions"}],"predecessor-version":[{"id":304145,"href":"https:\/\/archive.sana.sy\/tr\/index.php?rest_route=\/wp\/v2\/posts\/304097\/revisions\/304145"}],"wp:featuredmedia":[{"embeddable":true,"href":"https:\/\/archive.sana.sy\/tr\/index.php?rest_route=\/wp\/v2\/media\/304098"}],"wp:attachment":[{"href":"https:\/\/archive.sana.sy\/tr\/index.php?rest_route=%2Fwp%2Fv2%2Fmedia&parent=304097"}],"wp:term":[{"taxonomy":"category","embeddable":true,"href":"https:\/\/archive.sana.sy\/tr\/index.php?rest_route=%2Fwp%2Fv2%2Fcategories&post=304097"},{"taxonomy":"post_tag","embeddable":true,"href":"https:\/\/archive.sana.sy\/tr\/index.php?rest_route=%2Fwp%2Fv2%2Ftags&post=304097"}],"curies":[{"name":"wp","href":"https:\/\/api.w.org\/{rel}","templated":true}]}}