{"id":304138,"date":"2024-06-26T23:51:10","date_gmt":"2024-06-26T20:51:10","guid":{"rendered":"https:\/\/sana.sy\/tr\/?p=304138"},"modified":"2024-06-28T08:53:20","modified_gmt":"2024-06-28T05:53:20","slug":"dusman-israilin-duzenledigi-saldirganlikta-2-kisi-sehit-dustu-1-asker-yaralandi","status":"publish","type":"post","link":"https:\/\/archive.sana.sy\/tr\/?p=304138","title":{"rendered":"D\u00fc\u015fman \u0130srail\u2019in D\u00fczenledi\u011fi Sald\u0131rganl\u0131kta 2 Ki\u015fi \u015eehit D\u00fc\u015ft\u00fc, 1 Asker Yaraland\u0131"},"content":{"rendered":"<p style=\"text-align: justify;\"><strong>\u015eAM (SANA) \u2013 <\/strong>D\u00fc\u015fman \u0130srail&#8217;in g\u00fcney b\u00f6lgedeki baz\u0131 noktalar\u0131 hedef alan f\u00fcze sald\u0131rganl\u0131\u011f\u0131 sonucu 2 ki\u015fi \u015fehit d\u00fc\u015ft\u00fc, bir asker de yaraland\u0131.<\/p>\n<p style=\"text-align: justify;\">Askeri Bir kaynak, SANA&#8217;ya yapt\u0131\u011f\u0131 a\u00e7\u0131klamada, bug\u00fcn saat 23.40 s\u0131ralar\u0131nda d\u00fc\u015fman \u0130srail&#8217;in, i\u015fgal alt\u0131ndaki Suriye Golan y\u00f6n\u00fcnden g\u00fcney b\u00f6lgesindeki baz\u0131 noktaya hava sald\u0131r\u0131s\u0131 d\u00fczenledi\u011fini, Hava savunma g\u00fc\u00e7lerimizin sald\u0131rganl\u0131\u011f\u0131n f\u00fczelerine kar\u015f\u0131l\u0131k vererek, baz\u0131lar\u0131n\u0131 d\u00fc\u015f\u00fcrd\u00fc\u011f\u00fcn\u00fc belirtti.<\/p>\n<p style=\"text-align: justify;\">Kaynak ayr\u0131ca, \u201d\u0130srail\u2019in sald\u0131rganl\u0131\u011f\u0131 iki ki\u015finin \u015fehit d\u00fc\u015fmesine, bir askerin yaralanmas\u0131na ve baz\u0131 maddi kay\u0131plara yol a\u00e7t\u0131\u201d ifadelerini kulland\u0131.<\/p>\n<p style=\"text-align: center;\"><strong><a href=\"https:\/\/t.me\/SuriyeArapHaberAjansI\">Telegram Kanal\u0131m\u0131z\u00a0<\/a>||<a href=\"https:\/\/twitter.com\/arap_ajans\">X Platformumuz\u00a0<\/a>||<a href=\"https:\/\/www.facebook.com\/SANAHaberAjansi\/\">Facebook Sayfam\u0131z<\/a><\/strong><\/p>\n","protected":false},"excerpt":{"rendered":"<p>\u015eAM (SANA) \u2013 D\u00fc\u015fman \u0130srail&#8217;in g\u00fcney b\u00f6lgedeki baz\u0131 noktalar\u0131 hedef alan f\u00fcze sald\u0131rganl\u0131\u011f\u0131 sonucu 2 ki\u015fi \u015fehit d\u00fc\u015ft\u00fc, bir asker de yaraland\u0131. Askeri Bir kaynak, SANA&#8217;ya yapt\u0131\u011f\u0131 a\u00e7\u0131klamada, bug\u00fcn saat 23.40 s\u0131ralar\u0131nda d\u00fc\u015fman \u0130srail&#8217;in, i\u015fgal alt\u0131ndaki Suriye Golan y\u00f6n\u00fcnden g\u00fcney b\u00f6lgesindeki baz\u0131 noktaya hava sald\u0131r\u0131s\u0131 d\u00fczenledi\u011fini, Hava savunma g\u00fc\u00e7lerimizin sald\u0131rganl\u0131\u011f\u0131n f\u00fczelerine kar\u015f\u0131l\u0131k vererek, baz\u0131lar\u0131n\u0131 d\u00fc\u015f\u00fcrd\u00fc\u011f\u00fcn\u00fc &hellip;<\/p>\n","protected":false},"author":39,"featured_media":304139,"comment_status":"closed","ping_status":"closed","sticky":false,"template":"","format":"standard","meta":{"footnotes":""},"categories":[479,575,17988,478],"tags":[],"class_list":["post-304138","post","type-post","status-publish","format-standard","has-post-thumbnail","","category-haberler-yerel","category-olaylar-ve-gercekler","category-son-haberler","category-yerel"],"_links":{"self":[{"href":"https:\/\/archive.sana.sy\/tr\/index.php?rest_route=\/wp\/v2\/posts\/304138","targetHints":{"allow":["GET"]}}],"collection":[{"href":"https:\/\/archive.sana.sy\/tr\/index.php?rest_route=\/wp\/v2\/posts"}],"about":[{"href":"https:\/\/archive.sana.sy\/tr\/index.php?rest_route=\/wp\/v2\/types\/post"}],"author":[{"embeddable":true,"href":"https:\/\/archive.sana.sy\/tr\/index.php?rest_route=\/wp\/v2\/users\/39"}],"replies":[{"embeddable":true,"href":"https:\/\/archive.sana.sy\/tr\/index.php?rest_route=%2Fwp%2Fv2%2Fcomments&post=304138"}],"version-history":[{"count":3,"href":"https:\/\/archive.sana.sy\/tr\/index.php?rest_route=\/wp\/v2\/posts\/304138\/revisions"}],"predecessor-version":[{"id":304193,"href":"https:\/\/archive.sana.sy\/tr\/index.php?rest_route=\/wp\/v2\/posts\/304138\/revisions\/304193"}],"wp:featuredmedia":[{"embeddable":true,"href":"https:\/\/archive.sana.sy\/tr\/index.php?rest_route=\/wp\/v2\/media\/304139"}],"wp:attachment":[{"href":"https:\/\/archive.sana.sy\/tr\/index.php?rest_route=%2Fwp%2Fv2%2Fmedia&parent=304138"}],"wp:term":[{"taxonomy":"category","embeddable":true,"href":"https:\/\/archive.sana.sy\/tr\/index.php?rest_route=%2Fwp%2Fv2%2Fcategories&post=304138"},{"taxonomy":"post_tag","embeddable":true,"href":"https:\/\/archive.sana.sy\/tr\/index.php?rest_route=%2Fwp%2Fv2%2Ftags&post=304138"}],"curies":[{"name":"wp","href":"https:\/\/api.w.org\/{rel}","templated":true}]}}