{"id":30414,"date":"2015-04-21T10:57:11","date_gmt":"2015-04-21T07:57:11","guid":{"rendered":"http:\/\/www.sana.sy\/tr\/?p=30414"},"modified":"2015-04-21T10:57:11","modified_gmt":"2015-04-21T07:57:11","slug":"askeri-kaynak-ordu-birliklerimizin-lazkiye-kuzey-kirsalinin-el-zeytune-ruveyset-el-resvan-ruveyset-el-balata-ve-arafit-koylerinde-nusra-cephesi-teror-orgutune-tabi-hucre-ve-korunm","status":"publish","type":"post","link":"https:\/\/archive.sana.sy\/tr\/?p=30414","title":{"rendered":"Askeri kaynak, ordu birliklerimizin Lazkiye kuzey k\u0131rsal\u0131n\u0131n el Zeytune, Ruveyset el Re\u015fvan, Ruveyset el Balata ve Arafit K\u00f6ylerinde \u201cNusra cephesi\u201d ter\u00f6r \u00f6rg\u00fct\u00fcne tabi h\u00fccre ve korunma yerlerini hedef alarak imha ettiklerini s\u00f6yledi."},"content":{"rendered":"<p>Askeri kaynak, ordu birliklerimizin Lazkiye kuzey k\u0131rsal\u0131n\u0131n el Zeytune, Ruveyset el Re\u015fvan, Ruveyset el Balata ve Arafit K\u00f6ylerinde \u201cNusra cephesi\u201d ter\u00f6r \u00f6rg\u00fct\u00fcne tabi h\u00fccre ve korunma yerlerini hedef alarak imha ettiklerini s\u00f6yledi.<\/p>\n","protected":false},"excerpt":{"rendered":"<p>Askeri kaynak, ordu birliklerimizin Lazkiye kuzey k\u0131rsal\u0131n\u0131n el Zeytune, Ruveyset el Re\u015fvan, Ruveyset el Balata ve Arafit K\u00f6ylerinde \u201cNusra cephesi\u201d ter\u00f6r \u00f6rg\u00fct\u00fcne tabi h\u00fccre ve korunma yerlerini hedef alarak imha ettiklerini s\u00f6yledi.<\/p>\n","protected":false},"author":1,"featured_media":0,"comment_status":"closed","ping_status":"closed","sticky":false,"template":"","format":"standard","meta":{"footnotes":""},"categories":[1],"tags":[1031,13864,13866,13865],"class_list":["post-30414","post","type-post","status-publish","format-standard","","category-news-not-sorted","tag-askeri-kaynak","tag-ordu-birliklerimizin-lazkiye-kuzey-kirsalinin-el-zeytune","tag-ruveyset-el-balata-ve-arafit-koylerinde-nusra-cephesi-teror-orgutune-tabi-hucre-ve-korunma-yerlerini-hedef-alarak-imha-ettiklerini-soyledi","tag-ruveyset-el-resvan"],"_links":{"self":[{"href":"https:\/\/archive.sana.sy\/tr\/index.php?rest_route=\/wp\/v2\/posts\/30414","targetHints":{"allow":["GET"]}}],"collection":[{"href":"https:\/\/archive.sana.sy\/tr\/index.php?rest_route=\/wp\/v2\/posts"}],"about":[{"href":"https:\/\/archive.sana.sy\/tr\/index.php?rest_route=\/wp\/v2\/types\/post"}],"author":[{"embeddable":true,"href":"https:\/\/archive.sana.sy\/tr\/index.php?rest_route=\/wp\/v2\/users\/1"}],"replies":[{"embeddable":true,"href":"https:\/\/archive.sana.sy\/tr\/index.php?rest_route=%2Fwp%2Fv2%2Fcomments&post=30414"}],"version-history":[{"count":0,"href":"https:\/\/archive.sana.sy\/tr\/index.php?rest_route=\/wp\/v2\/posts\/30414\/revisions"}],"wp:attachment":[{"href":"https:\/\/archive.sana.sy\/tr\/index.php?rest_route=%2Fwp%2Fv2%2Fmedia&parent=30414"}],"wp:term":[{"taxonomy":"category","embeddable":true,"href":"https:\/\/archive.sana.sy\/tr\/index.php?rest_route=%2Fwp%2Fv2%2Fcategories&post=30414"},{"taxonomy":"post_tag","embeddable":true,"href":"https:\/\/archive.sana.sy\/tr\/index.php?rest_route=%2Fwp%2Fv2%2Ftags&post=30414"}],"curies":[{"name":"wp","href":"https:\/\/api.w.org\/{rel}","templated":true}]}}