{"id":304179,"date":"2024-06-27T13:19:27","date_gmt":"2024-06-27T10:19:27","guid":{"rendered":"https:\/\/sana.sy\/tr\/?p=304179"},"modified":"2024-06-28T08:53:38","modified_gmt":"2024-06-28T05:53:38","slug":"suriye-genc-futbol-takimi-filistinli-rakibini-bati-asya-sampiyonasinda-maglup-etti","status":"publish","type":"post","link":"https:\/\/archive.sana.sy\/tr\/?p=304179","title":{"rendered":"Suriye Gen\u00e7 Futbol Tak\u0131m\u0131, Filistinli Rakibini Bat\u0131 Asya \u015eampiyonas\u0131&#8217;nda Ma\u011flup Etti"},"content":{"rendered":"<p style=\"text-align: justify;\"><strong>R\u0130YAD<\/strong> <strong>(SANA)\u00a0 &#8211; <\/strong>Suriye gen\u00e7 futbol tak\u0131m\u0131, \u015fu anda Suudi \u015fehri Taif&#8217;te d\u00fczenlenen Bat\u0131 Asya \u015eampiyonas\u0131 &#8220;El Diyar El Arabiye&#8221;nin ilk turunda Filistinli rakibini 2-4 ma\u011flup etti.<\/p>\n<p style=\"text-align: justify;\">Tak\u0131m\u0131n teknik direkt\u00f6r\u00fc Muhammed Akil, Bat\u0131 Asya \u015eampiyonas\u0131&#8217;n\u0131n tak\u0131m\u0131n geli\u015fimi a\u00e7\u0131s\u0131ndan \u00f6nemini vurgulad\u0131 ve bunun yakla\u015fan Asya elemeleri i\u00e7in \u00f6nemli bir haz\u0131rl\u0131k istasyonu te\u015fkil etti\u011fini vurgulad\u0131.<\/p>\n<p style=\"text-align: justify;\">\u201c\u00dc\u00e7\u00fcnc\u00fc\u201d tak\u0131m grubumuzda Birle\u015fik Arap Emirlikleri, Bahreyn ve Filistin tak\u0131mlar\u0131 yer al\u0131yor.<\/p>\n<p style=\"text-align: center;\"><strong><a href=\"https:\/\/t.me\/SuriyeArapHaberAjansI\">Telegram Kanal\u0131m\u0131z\u00a0<\/a>||<a href=\"https:\/\/twitter.com\/arap_ajans\">X Platformumuz\u00a0<\/a>||<a href=\"https:\/\/www.facebook.com\/SANAHaberAjansi\/\">Facebook Sayfam\u0131z<\/a><\/strong><\/p>\n","protected":false},"excerpt":{"rendered":"<p>R\u0130YAD (SANA)\u00a0 &#8211; Suriye gen\u00e7 futbol tak\u0131m\u0131, \u015fu anda Suudi \u015fehri Taif&#8217;te d\u00fczenlenen Bat\u0131 Asya \u015eampiyonas\u0131 &#8220;El Diyar El Arabiye&#8221;nin ilk turunda Filistinli rakibini 2-4 ma\u011flup etti. Tak\u0131m\u0131n teknik direkt\u00f6r\u00fc Muhammed Akil, Bat\u0131 Asya \u015eampiyonas\u0131&#8217;n\u0131n tak\u0131m\u0131n geli\u015fimi a\u00e7\u0131s\u0131ndan \u00f6nemini vurgulad\u0131 ve bunun yakla\u015fan Asya elemeleri i\u00e7in \u00f6nemli bir haz\u0131rl\u0131k istasyonu te\u015fkil etti\u011fini vurgulad\u0131. \u201c\u00dc\u00e7\u00fcnc\u00fc\u201d tak\u0131m &hellip;<\/p>\n","protected":false},"author":39,"featured_media":304180,"comment_status":"closed","ping_status":"closed","sticky":false,"template":"","format":"standard","meta":{"footnotes":""},"categories":[458,498,459,17988,496],"tags":[],"class_list":["post-304179","post","type-post","status-publish","format-standard","has-post-thumbnail","","category-dunya1","category-dunya-turnuvalari","category-haberler-arap-uluslararasi-politika","category-son-haberler","category-spor"],"_links":{"self":[{"href":"https:\/\/archive.sana.sy\/tr\/index.php?rest_route=\/wp\/v2\/posts\/304179","targetHints":{"allow":["GET"]}}],"collection":[{"href":"https:\/\/archive.sana.sy\/tr\/index.php?rest_route=\/wp\/v2\/posts"}],"about":[{"href":"https:\/\/archive.sana.sy\/tr\/index.php?rest_route=\/wp\/v2\/types\/post"}],"author":[{"embeddable":true,"href":"https:\/\/archive.sana.sy\/tr\/index.php?rest_route=\/wp\/v2\/users\/39"}],"replies":[{"embeddable":true,"href":"https:\/\/archive.sana.sy\/tr\/index.php?rest_route=%2Fwp%2Fv2%2Fcomments&post=304179"}],"version-history":[{"count":1,"href":"https:\/\/archive.sana.sy\/tr\/index.php?rest_route=\/wp\/v2\/posts\/304179\/revisions"}],"predecessor-version":[{"id":304181,"href":"https:\/\/archive.sana.sy\/tr\/index.php?rest_route=\/wp\/v2\/posts\/304179\/revisions\/304181"}],"wp:featuredmedia":[{"embeddable":true,"href":"https:\/\/archive.sana.sy\/tr\/index.php?rest_route=\/wp\/v2\/media\/304180"}],"wp:attachment":[{"href":"https:\/\/archive.sana.sy\/tr\/index.php?rest_route=%2Fwp%2Fv2%2Fmedia&parent=304179"}],"wp:term":[{"taxonomy":"category","embeddable":true,"href":"https:\/\/archive.sana.sy\/tr\/index.php?rest_route=%2Fwp%2Fv2%2Fcategories&post=304179"},{"taxonomy":"post_tag","embeddable":true,"href":"https:\/\/archive.sana.sy\/tr\/index.php?rest_route=%2Fwp%2Fv2%2Ftags&post=304179"}],"curies":[{"name":"wp","href":"https:\/\/api.w.org\/{rel}","templated":true}]}}