{"id":304185,"date":"2024-06-27T12:33:58","date_gmt":"2024-06-27T09:33:58","guid":{"rendered":"https:\/\/sana.sy\/tr\/?p=304185"},"modified":"2024-06-28T08:53:32","modified_gmt":"2024-06-28T05:53:32","slug":"dusman-israil-ceninde-subaylarindan-birinin-olduruldugunu-ve-16-kisinin-de-yaralandigini-duyurdu","status":"publish","type":"post","link":"https:\/\/archive.sana.sy\/tr\/?p=304185","title":{"rendered":"D\u00fc\u015fman \u0130srail, Cenin&#8217;de Subaylar\u0131ndan Birinin \u00d6ld\u00fcr\u00fcld\u00fc\u011f\u00fcn\u00fc Ve 16 Ki\u015finin De Yaraland\u0131\u011f\u0131n\u0131 Duyurdu"},"content":{"rendered":"<p style=\"text-align: justify;\"><strong>\u0130\u015eGAL ED\u0130LEN KUD\u00dcS (SANA)<\/strong> \u2013 D\u00fc\u015fman \u0130srail, Bat\u0131 \u015eeria&#8217;n\u0131n Cenin kentinde Filistin direni\u015finin askeri ara\u00e7la patlatt\u0131\u011f\u0131 patlay\u0131c\u0131n\u0131n infilak etmesi sonucu bir subay\u0131n \u00f6ld\u00fc\u011f\u00fcn\u00fc, 16 askerinin de yaraland\u0131\u011f\u0131n\u0131 duyurdu.<\/p>\n<p style=\"text-align: justify;\">D\u00fc\u015fman medyas\u0131, Bat\u0131 \u015eeria&#8217;n\u0131n Cenin kentinde Filistin direni\u015finin askeri bir ara\u00e7la patlatt\u0131\u011f\u0131 b\u00fcy\u00fck patlay\u0131c\u0131n\u0131n patlamas\u0131 sonucu bir subay\u0131n \u00f6ld\u00fc\u011f\u00fcn\u00fc, 16 askerin de yaraland\u0131\u011f\u0131n\u0131 bildirdi.<\/p>\n<p style=\"text-align: center;\"><strong><a href=\"https:\/\/t.me\/SuriyeArapHaberAjansI\">Telegram Kanal\u0131m\u0131z\u00a0<\/a>||<a href=\"https:\/\/twitter.com\/arap_ajans\">X Platformumuz\u00a0<\/a>||<a href=\"https:\/\/www.facebook.com\/SANAHaberAjansi\/\">Facebook Sayfam\u0131z<\/a><\/strong><\/p>\n","protected":false},"excerpt":{"rendered":"<p>\u0130\u015eGAL ED\u0130LEN KUD\u00dcS (SANA) \u2013 D\u00fc\u015fman \u0130srail, Bat\u0131 \u015eeria&#8217;n\u0131n Cenin kentinde Filistin direni\u015finin askeri ara\u00e7la patlatt\u0131\u011f\u0131 patlay\u0131c\u0131n\u0131n infilak etmesi sonucu bir subay\u0131n \u00f6ld\u00fc\u011f\u00fcn\u00fc, 16 askerinin de yaraland\u0131\u011f\u0131n\u0131 duyurdu. D\u00fc\u015fman medyas\u0131, Bat\u0131 \u015eeria&#8217;n\u0131n Cenin kentinde Filistin direni\u015finin askeri bir ara\u00e7la patlatt\u0131\u011f\u0131 b\u00fcy\u00fck patlay\u0131c\u0131n\u0131n patlamas\u0131 sonucu bir subay\u0131n \u00f6ld\u00fc\u011f\u00fcn\u00fc, 16 askerin de yaraland\u0131\u011f\u0131n\u0131 bildirdi. Telegram Kanal\u0131m\u0131z\u00a0||X Platformumuz\u00a0||Facebook &hellip;<\/p>\n","protected":false},"author":39,"featured_media":304186,"comment_status":"closed","ping_status":"closed","sticky":false,"template":"","format":"standard","meta":{"footnotes":""},"categories":[458,459,17988],"tags":[],"class_list":["post-304185","post","type-post","status-publish","format-standard","has-post-thumbnail","","category-dunya1","category-haberler-arap-uluslararasi-politika","category-son-haberler"],"_links":{"self":[{"href":"https:\/\/archive.sana.sy\/tr\/index.php?rest_route=\/wp\/v2\/posts\/304185","targetHints":{"allow":["GET"]}}],"collection":[{"href":"https:\/\/archive.sana.sy\/tr\/index.php?rest_route=\/wp\/v2\/posts"}],"about":[{"href":"https:\/\/archive.sana.sy\/tr\/index.php?rest_route=\/wp\/v2\/types\/post"}],"author":[{"embeddable":true,"href":"https:\/\/archive.sana.sy\/tr\/index.php?rest_route=\/wp\/v2\/users\/39"}],"replies":[{"embeddable":true,"href":"https:\/\/archive.sana.sy\/tr\/index.php?rest_route=%2Fwp%2Fv2%2Fcomments&post=304185"}],"version-history":[{"count":1,"href":"https:\/\/archive.sana.sy\/tr\/index.php?rest_route=\/wp\/v2\/posts\/304185\/revisions"}],"predecessor-version":[{"id":304187,"href":"https:\/\/archive.sana.sy\/tr\/index.php?rest_route=\/wp\/v2\/posts\/304185\/revisions\/304187"}],"wp:featuredmedia":[{"embeddable":true,"href":"https:\/\/archive.sana.sy\/tr\/index.php?rest_route=\/wp\/v2\/media\/304186"}],"wp:attachment":[{"href":"https:\/\/archive.sana.sy\/tr\/index.php?rest_route=%2Fwp%2Fv2%2Fmedia&parent=304185"}],"wp:term":[{"taxonomy":"category","embeddable":true,"href":"https:\/\/archive.sana.sy\/tr\/index.php?rest_route=%2Fwp%2Fv2%2Fcategories&post=304185"},{"taxonomy":"post_tag","embeddable":true,"href":"https:\/\/archive.sana.sy\/tr\/index.php?rest_route=%2Fwp%2Fv2%2Ftags&post=304185"}],"curies":[{"name":"wp","href":"https:\/\/api.w.org\/{rel}","templated":true}]}}