{"id":304209,"date":"2024-06-28T09:34:00","date_gmt":"2024-06-28T06:34:00","guid":{"rendered":"https:\/\/sana.sy\/tr\/?p=304209"},"modified":"2024-07-01T08:13:14","modified_gmt":"2024-07-01T05:13:14","slug":"susan-el-hraiji-ile-iki-kardes-ulke-arasindaki-ikili-iliskileri-ve-bunlari-gelistirmenin-yollarini-gorustu","status":"publish","type":"post","link":"https:\/\/archive.sana.sy\/tr\/?p=304209","title":{"rendered":"Susan, Suudi Arabistan D\u0131\u015fi\u015fleri Bakan Yard\u0131mc\u0131s\u0131 \u0130le \u0130ki Karde\u015f \u00fclke Aras\u0131ndaki \u0130kili \u0130li\u015fkileri Ve Bunlar\u0131 Geli\u015ftirmenin Yollar\u0131n\u0131 G\u00f6r\u00fc\u015ft\u00fc"},"content":{"rendered":"<p style=\"text-align: justify;\"><strong>R\u0130YAD\u00a0 (SANA) \u2013 <\/strong>Suriye Arap Cumhuriyeti&#8217;nin Suudi Arabistan Krall\u0131\u011f\u0131 B\u00fcy\u00fckel\u00e7isi EymenSusan, Suudi Arabistan D\u0131\u015fi\u015fleri Bakan Yard\u0131mc\u0131s\u0131 Velid El Harici ile g\u00f6r\u00fc\u015ft\u00fc.<\/p>\n<p style=\"text-align: justify;\">G\u00f6r\u00fc\u015fmede iki karde\u015f \u00fclke aras\u0131ndaki ikili ili\u015fkiler ve bunlar\u0131 \u00e7e\u015fitli alanlarda geli\u015ftirmenin yollar\u0131 ele al\u0131n\u0131rken, bu ba\u011flamda, iki taraf, iki \u00fclke aras\u0131ndaki ili\u015fkilerde ya\u015fanan istikrarl\u0131 geli\u015fmeden duydu\u011fu memnuniyeti ve bu ili\u015fkileri her d\u00fczeyde g\u00fc\u00e7lendirme iste\u011fi ve arzusunu dile getirdi.<\/p>\n<p style=\"text-align: justify;\">G\u00f6r\u00fc\u015fmeye Suudi D\u0131\u015fi\u015fleri Bakanl\u0131\u011f\u0131 Arap \u00dclkeleri \u0130\u015fleri Genel Dairesi Ba\u015fkan\u0131 Gazi El Annazi ve Suriye&#8217;nin Riyad B\u00fcy\u00fckel\u00e7ili\u011fi&#8217;nden Bakan M\u00fcste\u015far\u0131 \u0130hsan El Rumman kat\u0131ld\u0131.<\/p>\n<p style=\"text-align: center;\"><strong><a href=\"https:\/\/t.me\/SuriyeArapHaberAjansI\">Telegram Kanal\u0131m\u0131z\u00a0<\/a>||<a href=\"https:\/\/twitter.com\/arap_ajans\">X Platformumuz\u00a0<\/a>||<a href=\"https:\/\/www.facebook.com\/SANAHaberAjansi\/\">Facebook Sayfam\u0131z<\/a><\/strong><\/p>\n","protected":false},"excerpt":{"rendered":"<p>R\u0130YAD\u00a0 (SANA) \u2013 Suriye Arap Cumhuriyeti&#8217;nin Suudi Arabistan Krall\u0131\u011f\u0131 B\u00fcy\u00fckel\u00e7isi EymenSusan, Suudi Arabistan D\u0131\u015fi\u015fleri Bakan Yard\u0131mc\u0131s\u0131 Velid El Harici ile g\u00f6r\u00fc\u015ft\u00fc. G\u00f6r\u00fc\u015fmede iki karde\u015f \u00fclke aras\u0131ndaki ikili ili\u015fkiler ve bunlar\u0131 \u00e7e\u015fitli alanlarda geli\u015ftirmenin yollar\u0131 ele al\u0131n\u0131rken, bu ba\u011flamda, iki taraf, iki \u00fclke aras\u0131ndaki ili\u015fkilerde ya\u015fanan istikrarl\u0131 geli\u015fmeden duydu\u011fu memnuniyeti ve bu ili\u015fkileri her d\u00fczeyde g\u00fc\u00e7lendirme &hellip;<\/p>\n","protected":false},"author":36,"featured_media":304210,"comment_status":"closed","ping_status":"closed","sticky":false,"template":"","format":"standard","meta":{"footnotes":""},"categories":[458,459,17988],"tags":[40755,41835],"class_list":["post-304209","post","type-post","status-publish","format-standard","has-post-thumbnail","","category-dunya1","category-haberler-arap-uluslararasi-politika","category-son-haberler","tag-susan","tag-suudi-arabistan-disisleri-bakan-yardimcisi-ile-iki-kardes-ulke-arasindaki-ikili-iliskileri-ve-bunlari-gelistirmenin-yollarini-gorustu"],"_links":{"self":[{"href":"https:\/\/archive.sana.sy\/tr\/index.php?rest_route=\/wp\/v2\/posts\/304209","targetHints":{"allow":["GET"]}}],"collection":[{"href":"https:\/\/archive.sana.sy\/tr\/index.php?rest_route=\/wp\/v2\/posts"}],"about":[{"href":"https:\/\/archive.sana.sy\/tr\/index.php?rest_route=\/wp\/v2\/types\/post"}],"author":[{"embeddable":true,"href":"https:\/\/archive.sana.sy\/tr\/index.php?rest_route=\/wp\/v2\/users\/36"}],"replies":[{"embeddable":true,"href":"https:\/\/archive.sana.sy\/tr\/index.php?rest_route=%2Fwp%2Fv2%2Fcomments&post=304209"}],"version-history":[{"count":3,"href":"https:\/\/archive.sana.sy\/tr\/index.php?rest_route=\/wp\/v2\/posts\/304209\/revisions"}],"predecessor-version":[{"id":304221,"href":"https:\/\/archive.sana.sy\/tr\/index.php?rest_route=\/wp\/v2\/posts\/304209\/revisions\/304221"}],"wp:featuredmedia":[{"embeddable":true,"href":"https:\/\/archive.sana.sy\/tr\/index.php?rest_route=\/wp\/v2\/media\/304210"}],"wp:attachment":[{"href":"https:\/\/archive.sana.sy\/tr\/index.php?rest_route=%2Fwp%2Fv2%2Fmedia&parent=304209"}],"wp:term":[{"taxonomy":"category","embeddable":true,"href":"https:\/\/archive.sana.sy\/tr\/index.php?rest_route=%2Fwp%2Fv2%2Fcategories&post=304209"},{"taxonomy":"post_tag","embeddable":true,"href":"https:\/\/archive.sana.sy\/tr\/index.php?rest_route=%2Fwp%2Fv2%2Ftags&post=304209"}],"curies":[{"name":"wp","href":"https:\/\/api.w.org\/{rel}","templated":true}]}}