{"id":304430,"date":"2024-07-04T12:42:35","date_gmt":"2024-07-04T09:42:35","guid":{"rendered":"https:\/\/sana.sy\/tr\/?p=304430"},"modified":"2024-07-06T09:01:32","modified_gmt":"2024-07-06T06:01:32","slug":"suriye-ile-belarus-arasindaki-ortak-isbirligi-iliskileri-gorusuld","status":"publish","type":"post","link":"https:\/\/archive.sana.sy\/tr\/?p=304430","title":{"rendered":"Suriye \u0130le Belarus Aras\u0131ndaki Ortak \u0130\u015fbirli\u011fi \u0130li\u015fkileri G\u00f6r\u00fc\u015f\u00fcld\u00fc"},"content":{"rendered":"<p style=\"text-align: justify;\"><strong>\u015eAM (SANA) \u2013<\/strong> Bay\u0131nd\u0131rl\u0131k ve \u0130skan Bakan\u0131 S\u00fcheyil Abdullatif, Belarus Cumhuriyeti&#8217;nin \u015eam B\u00fcy\u00fckel\u00e7isi Yuri Sluka ile iki taraf aras\u0131nda m\u00fchendislik alan\u0131nda ortak i\u015fbirli\u011fi ili\u015fkilerinin iki dost \u00fclkenin \u00e7\u0131karlar\u0131na hizmet edecek \u015fekilde etkinle\u015ftirilmesine y\u00f6nelik mekanizmay\u0131 g\u00f6r\u00fc\u015ft\u00fc.<\/p>\n<p style=\"text-align: justify;\">Bug\u00fcn Bakanl\u0131k binas\u0131nda ger\u00e7ekle\u015ftirilen toplant\u0131da, ikili i\u015fbirli\u011fi dosyalar\u0131 ve bunun ger\u00e7e\u011fe d\u00f6n\u00fc\u015ft\u00fcr\u00fclmesinin \u00f6nemi g\u00f6zden ge\u00e7irildi ve burada takibe devam edilmesi ve pratik ad\u0131mlar\u0131n ileriye do\u011fru itilmesi konusunda mutabakata var\u0131ld\u0131.<\/p>\n<p style=\"text-align: center;\"><strong><a href=\"https:\/\/t.me\/SuriyeArapHaberAjansI\">Telegram Kanal\u0131m\u0131z\u00a0<\/a>||<a href=\"https:\/\/twitter.com\/arap_ajans\">X Platformumuz\u00a0<\/a>||<a href=\"https:\/\/www.facebook.com\/SANAHaberAjansi\/\">Facebook Sayfam\u0131z<\/a><\/strong><\/p>\n","protected":false},"excerpt":{"rendered":"<p>\u015eAM (SANA) \u2013 Bay\u0131nd\u0131rl\u0131k ve \u0130skan Bakan\u0131 S\u00fcheyil Abdullatif, Belarus Cumhuriyeti&#8217;nin \u015eam B\u00fcy\u00fckel\u00e7isi Yuri Sluka ile iki taraf aras\u0131nda m\u00fchendislik alan\u0131nda ortak i\u015fbirli\u011fi ili\u015fkilerinin iki dost \u00fclkenin \u00e7\u0131karlar\u0131na hizmet edecek \u015fekilde etkinle\u015ftirilmesine y\u00f6nelik mekanizmay\u0131 g\u00f6r\u00fc\u015ft\u00fc. Bug\u00fcn Bakanl\u0131k binas\u0131nda ger\u00e7ekle\u015ftirilen toplant\u0131da, ikili i\u015fbirli\u011fi dosyalar\u0131 ve bunun ger\u00e7e\u011fe d\u00f6n\u00fc\u015ft\u00fcr\u00fclmesinin \u00f6nemi g\u00f6zden ge\u00e7irildi ve burada takibe devam edilmesi &hellip;<\/p>\n","protected":false},"author":36,"featured_media":304431,"comment_status":"closed","ping_status":"closed","sticky":false,"template":"","format":"standard","meta":{"footnotes":""},"categories":[479,17988,478],"tags":[],"class_list":["post-304430","post","type-post","status-publish","format-standard","has-post-thumbnail","","category-haberler-yerel","category-son-haberler","category-yerel"],"_links":{"self":[{"href":"https:\/\/archive.sana.sy\/tr\/index.php?rest_route=\/wp\/v2\/posts\/304430","targetHints":{"allow":["GET"]}}],"collection":[{"href":"https:\/\/archive.sana.sy\/tr\/index.php?rest_route=\/wp\/v2\/posts"}],"about":[{"href":"https:\/\/archive.sana.sy\/tr\/index.php?rest_route=\/wp\/v2\/types\/post"}],"author":[{"embeddable":true,"href":"https:\/\/archive.sana.sy\/tr\/index.php?rest_route=\/wp\/v2\/users\/36"}],"replies":[{"embeddable":true,"href":"https:\/\/archive.sana.sy\/tr\/index.php?rest_route=%2Fwp%2Fv2%2Fcomments&post=304430"}],"version-history":[{"count":3,"href":"https:\/\/archive.sana.sy\/tr\/index.php?rest_route=\/wp\/v2\/posts\/304430\/revisions"}],"predecessor-version":[{"id":304434,"href":"https:\/\/archive.sana.sy\/tr\/index.php?rest_route=\/wp\/v2\/posts\/304430\/revisions\/304434"}],"wp:featuredmedia":[{"embeddable":true,"href":"https:\/\/archive.sana.sy\/tr\/index.php?rest_route=\/wp\/v2\/media\/304431"}],"wp:attachment":[{"href":"https:\/\/archive.sana.sy\/tr\/index.php?rest_route=%2Fwp%2Fv2%2Fmedia&parent=304430"}],"wp:term":[{"taxonomy":"category","embeddable":true,"href":"https:\/\/archive.sana.sy\/tr\/index.php?rest_route=%2Fwp%2Fv2%2Fcategories&post=304430"},{"taxonomy":"post_tag","embeddable":true,"href":"https:\/\/archive.sana.sy\/tr\/index.php?rest_route=%2Fwp%2Fv2%2Ftags&post=304430"}],"curies":[{"name":"wp","href":"https:\/\/api.w.org\/{rel}","templated":true}]}}