{"id":304436,"date":"2024-07-04T17:02:17","date_gmt":"2024-07-04T14:02:17","guid":{"rendered":"https:\/\/sana.sy\/tr\/?p=304436"},"modified":"2024-07-06T09:01:34","modified_gmt":"2024-07-06T06:01:34","slug":"putin-cok-kutuplu-dunya-gercege-donustu","status":"publish","type":"post","link":"https:\/\/archive.sana.sy\/tr\/?p=304436","title":{"rendered":"Putin: \u00c7ok Kutuplu D\u00fcnya Ger\u00e7e\u011fe D\u00f6n\u00fc\u015ft\u00fc"},"content":{"rendered":"<p style=\"text-align: justify;\"><strong>ASTANA <\/strong><strong>(SANA)<\/strong> &#8211; \u00a0Rusya Devlet Ba\u015fkan\u0131 Vladimir Putin, \u00e7ok kutuplu d\u00fcnyan\u0131n ger\u00e7e\u011fe d\u00f6n\u00fc\u015ft\u00fc\u011f\u00fcn\u00fc do\u011frulayarak, adil k\u00fcresel d\u00fczeni destekleyen \u00fclkeler \u00e7emberinin geni\u015fledi\u011fine, d\u00fcnyada yeni g\u00fc\u00e7 ve kalk\u0131nma merkezlerinin ortaya \u00e7\u0131kt\u0131\u011f\u0131na i\u015faret etti.<\/p>\n<p style=\"text-align: justify;\">Putin, bug\u00fcn Kazakistan&#8217;\u0131n ba\u015fkenti Astana&#8217;da d\u00fczenlenen \u015eangay \u0130\u015fbirli\u011fi \u00d6rg\u00fct\u00fc zirvesi \u00f6ncesinde yapt\u0131\u011f\u0131 konu\u015fmada \u015funlar\u0131 s\u00f6yledi: \u201cD\u00fcnyadaki h\u0131zl\u0131 de\u011fi\u015fimler \u0131\u015f\u0131\u011f\u0131nda \u015eangay \u0130\u015fbirli\u011fi \u00d6rg\u00fct\u00fc&#8217;n\u00fcn uluslararas\u0131 ili\u015fkilerde proaktif duru\u015funa ihtiya\u00e7 var. \u00d6rg\u00fct\u00fcn ve BRICS grubunun, kurulmakta olan yeni d\u00fcnya d\u00fczeninin temelini temsil etti\u011fine, k\u00fcresel kalk\u0131nma ve uluslararas\u0131 \u00e7o\u011fulculu\u011fun kurulmas\u0131 i\u00e7in lokomotif oldu\u011funa kesinlikle eminiz.\u201d<\/p>\n<p style=\"text-align: justify;\">Putin ayr\u0131ca, &#8220;Adil bir d\u00fcnya d\u00fczeni isteyen, me\u015fru haklar\u0131n\u0131 ve geleneksel de\u011ferlerini kararl\u0131l\u0131kla savunmaya haz\u0131r \u00fclkeler \u00e7emberinin geni\u015fledi\u011fine, k\u00fcresel \u00f6l\u00e7ekte yeni g\u00fc\u00e7 ve kalk\u0131nma merkezlerinin g\u00fc\u00e7lendi\u011fine&#8221; dikkat \u00e7eker, \u00a0&#8220;\u015eanghay \u00d6rg\u00fct\u00fc taraf\u0131ndan \u00f6ne s\u00fcr\u00fclen K\u00fcresel Uyum i\u00e7in Uluslararas\u0131 Birlik Giri\u015fiminin, siyasi ve ekonomik sistem ya da dini ve k\u00fclt\u00fcrel ba\u011fl\u0131l\u0131\u011fa bak\u0131lmaks\u0131z\u0131n herkes i\u00e7in e\u015fit temelde s\u00fcrd\u00fcr\u00fclebilir b\u00fcy\u00fcme ko\u015fullar\u0131n\u0131 sa\u011flamay\u0131 ama\u00e7lad\u0131\u011f\u0131n\u0131&#8221; belirtti.<\/p>\n<p style=\"text-align: justify;\">Gazze&#8217;deki durumla ilgili olarak Putin, Amerika&#8217;n\u0131n Orta Do\u011fu&#8217;daki \u00e7at\u0131\u015fmay\u0131 \u00e7\u00f6zmeye y\u00f6nelik tek tarafl\u0131 giri\u015fimlerinin etkisiz kald\u0131\u011f\u0131n\u0131 vurgulayarak, Gazze \u015eeridi&#8217;ndeki durumun k\u00f6t\u00fcle\u015fti\u011fi bir ortamda bu giri\u015fimlerin ters sonu\u00e7lara yol a\u00e7t\u0131\u011f\u0131n\u0131 kaydetti.<\/p>\n<p style=\"text-align: justify;\">&#8220;Gazze \u015eeridi&#8217;nde b\u00fcy\u00fcyen \u00e7at\u0131\u015fma Avrasya&#8217;n\u0131n istikrar\u0131n\u0131 tehdit ediyor&#8221; diyen Putin,\u00a0 &#8220;Tarih, \u00f6zellikle ABD&#8217;nin Filistin d\u00fc\u011f\u00fcm\u00fcn\u00fc \u00e7\u00f6zmeye y\u00f6nelik bireysel giri\u015fimlerinin bo\u015funa oldu\u011funu, sonu\u00e7 elde edemedi\u011fini ve ba\u011f\u0131ms\u0131z bir Filistin devletinin kurulmas\u0131n\u0131 a\u00e7\u0131k\u00e7a \u00f6ng\u00f6ren Birle\u015fmi\u015f Milletler kararlar\u0131n\u0131 uygulamay\u0131 reddetti\u011fini a\u00e7\u0131k\u00e7a g\u00f6stermi\u015ftir&#8221; diye konu\u015ftu.<\/p>\n<p style=\"text-align: justify;\">\u015eangay \u00d6rg\u00fct\u00fc&#8217;n\u00fcn rol\u00fcne ili\u015fkin Putin, Rusya&#8217;n\u0131n \u00f6rg\u00fct i\u00e7indeki ortakl\u0131k etkile\u015fimine b\u00fcy\u00fck \u00f6nem verdi\u011fini, bu etkile\u015fimin e\u015fitlik ilkeleri temelinde ve birbirlerinin \u00e7\u0131karlar\u0131n\u0131 dikkate alarak giderek geli\u015fmeye devam etti\u011fini a\u00e7\u0131klad\u0131.<\/p>\n<p style=\"text-align: justify;\">\u015e\u0130\u00d6 kalk\u0131nma stratejisinin 2035 y\u0131l\u0131na kadar geli\u015ftirilmesine ili\u015fkin karar tasla\u011f\u0131n\u0131n, yaln\u0131zca siyaset ve g\u00fcvenlik alan\u0131nda de\u011fil, etkile\u015fimin daha da derinle\u015ftirilmesine y\u00f6nelik uzun vadeli y\u00f6nergeler i\u00e7erdi\u011fini kaydeden Putin, yak\u0131n ekonomik ili\u015fkilerin t\u00fcm kat\u0131l\u0131mc\u0131lara net faydalar getirdi\u011fini belirtti.<\/p>\n<p style=\"text-align: justify;\">Putin, bu ba\u011flamda \u00f6rg\u00fct \u00fclkelerinin kar\u015f\u0131l\u0131kl\u0131 anla\u015fmalarda ulusal para birimlerinin kullan\u0131m\u0131n\u0131 art\u0131rmak i\u00e7in \u00e7al\u0131\u015ft\u0131klar\u0131n\u0131 da belirterek, Rusya&#8217;n\u0131n \u015eangay \u0130\u015fbirli\u011fi \u00d6rg\u00fct\u00fc&#8217;nde kendi \u00f6deme ve \u00f6deme mekanizmas\u0131n\u0131 kurma \u00f6nerisini de hat\u0131rlatt\u0131.<\/p>\n<p style=\"text-align: center;\"><strong><a href=\"https:\/\/t.me\/SuriyeArapHaberAjansI\">Telegram Kanal\u0131m\u0131z\u00a0<\/a>||<a href=\"https:\/\/twitter.com\/arap_ajans\">X Platformumuz\u00a0<\/a>||<a href=\"https:\/\/www.facebook.com\/SANAHaberAjansi\/\">Facebook Sayfam\u0131z<\/a><\/strong><\/p>\n","protected":false},"excerpt":{"rendered":"<p>ASTANA (SANA) &#8211; \u00a0Rusya Devlet Ba\u015fkan\u0131 Vladimir Putin, \u00e7ok kutuplu d\u00fcnyan\u0131n ger\u00e7e\u011fe d\u00f6n\u00fc\u015ft\u00fc\u011f\u00fcn\u00fc do\u011frulayarak, adil k\u00fcresel d\u00fczeni destekleyen \u00fclkeler \u00e7emberinin geni\u015fledi\u011fine, d\u00fcnyada yeni g\u00fc\u00e7 ve kalk\u0131nma merkezlerinin ortaya \u00e7\u0131kt\u0131\u011f\u0131na i\u015faret etti. Putin, bug\u00fcn Kazakistan&#8217;\u0131n ba\u015fkenti Astana&#8217;da d\u00fczenlenen \u015eangay \u0130\u015fbirli\u011fi \u00d6rg\u00fct\u00fc zirvesi \u00f6ncesinde yapt\u0131\u011f\u0131 konu\u015fmada \u015funlar\u0131 s\u00f6yledi: \u201cD\u00fcnyadaki h\u0131zl\u0131 de\u011fi\u015fimler \u0131\u015f\u0131\u011f\u0131nda \u015eangay \u0130\u015fbirli\u011fi \u00d6rg\u00fct\u00fc&#8217;n\u00fcn uluslararas\u0131 ili\u015fkilerde &hellip;<\/p>\n","protected":false},"author":41,"featured_media":304437,"comment_status":"closed","ping_status":"closed","sticky":false,"template":"","format":"standard","meta":{"footnotes":""},"categories":[458,459,17988],"tags":[41860],"class_list":["post-304436","post","type-post","status-publish","format-standard","has-post-thumbnail","","category-dunya1","category-haberler-arap-uluslararasi-politika","category-son-haberler","tag-putin-cok-kutuplu-dunya-gercege-donustu"],"_links":{"self":[{"href":"https:\/\/archive.sana.sy\/tr\/index.php?rest_route=\/wp\/v2\/posts\/304436","targetHints":{"allow":["GET"]}}],"collection":[{"href":"https:\/\/archive.sana.sy\/tr\/index.php?rest_route=\/wp\/v2\/posts"}],"about":[{"href":"https:\/\/archive.sana.sy\/tr\/index.php?rest_route=\/wp\/v2\/types\/post"}],"author":[{"embeddable":true,"href":"https:\/\/archive.sana.sy\/tr\/index.php?rest_route=\/wp\/v2\/users\/41"}],"replies":[{"embeddable":true,"href":"https:\/\/archive.sana.sy\/tr\/index.php?rest_route=%2Fwp%2Fv2%2Fcomments&post=304436"}],"version-history":[{"count":1,"href":"https:\/\/archive.sana.sy\/tr\/index.php?rest_route=\/wp\/v2\/posts\/304436\/revisions"}],"predecessor-version":[{"id":304438,"href":"https:\/\/archive.sana.sy\/tr\/index.php?rest_route=\/wp\/v2\/posts\/304436\/revisions\/304438"}],"wp:featuredmedia":[{"embeddable":true,"href":"https:\/\/archive.sana.sy\/tr\/index.php?rest_route=\/wp\/v2\/media\/304437"}],"wp:attachment":[{"href":"https:\/\/archive.sana.sy\/tr\/index.php?rest_route=%2Fwp%2Fv2%2Fmedia&parent=304436"}],"wp:term":[{"taxonomy":"category","embeddable":true,"href":"https:\/\/archive.sana.sy\/tr\/index.php?rest_route=%2Fwp%2Fv2%2Fcategories&post=304436"},{"taxonomy":"post_tag","embeddable":true,"href":"https:\/\/archive.sana.sy\/tr\/index.php?rest_route=%2Fwp%2Fv2%2Ftags&post=304436"}],"curies":[{"name":"wp","href":"https:\/\/api.w.org\/{rel}","templated":true}]}}