{"id":304452,"date":"2024-07-04T17:38:32","date_gmt":"2024-07-04T14:38:32","guid":{"rendered":"https:\/\/sana.sy\/tr\/?p=304452"},"modified":"2024-07-06T09:01:43","modified_gmt":"2024-07-06T06:01:43","slug":"suriye-120-kisinin-olumuyle-sonuclanan-izdihamin-ardindan-hindistan-hukumeti-ve-halkiyla-dayanismasini-ifade-etti","status":"publish","type":"post","link":"https:\/\/archive.sana.sy\/tr\/?p=304452","title":{"rendered":"Suriye, 120 Ki\u015finin \u00d6l\u00fcm\u00fcyle Sonu\u00e7lanan \u0130zdiham\u0131n Ard\u0131ndan Hindistan H\u00fck\u00fcmeti Ve Halk\u0131yla Dayan\u0131\u015fmas\u0131n\u0131 \u0130fade Etti"},"content":{"rendered":"<p style=\"text-align: justify;\"><strong>\u015eAM (SANA)<\/strong> &#8211;\u00a0 Suriye, Uttar Pradesh eyaletinde ya\u015fanan talihsiz izdiham olay\u0131n\u0131n ard\u0131ndan Hindistan halk\u0131yla dayan\u0131\u015fmas\u0131n\u0131 ifade ederek h\u00fck\u00fcmete, Hindistan halk\u0131na ve kurbanlar\u0131n ailelerine en derin ba\u015fsa\u011fl\u0131\u011f\u0131 dileklerini iletti.<\/p>\n<p style=\"text-align: justify;\">D\u0131\u015fi\u015fleri ve Gurbet\u00e7iler Bakanl\u0131\u011f\u0131&#8217;ndan yap\u0131lan a\u00e7\u0131klamada \u015fu ifadelere yer verildi: \u00a0&#8220;Hindistan&#8217;\u0131n Uttar Pradesh eyaletinde dini bir etkinlik s\u0131ras\u0131nda meydana gelen ve 120&#8217;den fazla \u00f6l\u00fcm ve onlarca yaralanmayla sonu\u00e7lanan talihsiz izdiham\u0131 b\u00fcy\u00fck bir \u00fcz\u00fcnt\u00fcyle takip ettik.&#8221;<\/p>\n<p style=\"text-align: justify;\">Bakanl\u0131k \u015funlar\u0131 ekledi: &#8220;Suriye Arap Cumhuriyeti H\u00fck\u00fcmeti, bu ulusal trajediyi dost Hindistan halk\u0131yla payla\u015f\u0131rken, dost Hindistan Cumhuriyeti h\u00fck\u00fcmetine ve halk\u0131na ve ac\u0131 \u00e7eken kurbanlar\u0131n ailelerine, bu feci kaza i\u00e7in en derin taziyelerini ve samimi sempati duygular\u0131n\u0131 iletiyor.&#8221;<\/p>\n<p style=\"text-align: justify;\">Bakanl\u0131k a\u00e7\u0131klamas\u0131n\u0131 , \u2018\u2019Suriye, bu ac\u0131 trajedide Hindistan halk\u0131n\u0131n yan\u0131nda oldu\u011funu ifade ederek yaral\u0131lara acil \u015fifalar diliyor\u2019\u2019 ifadeleriyle tamamlad\u0131.<\/p>\n<p style=\"text-align: center;\"><strong><a href=\"https:\/\/t.me\/SuriyeArapHaberAjansI\">Telegram Kanal\u0131m\u0131z\u00a0<\/a>||<a href=\"https:\/\/twitter.com\/arap_ajans\">X Platformumuz\u00a0<\/a>||<a href=\"https:\/\/www.facebook.com\/SANAHaberAjansi\/\">Facebook Sayfam\u0131z<\/a><\/strong><\/p>\n","protected":false},"excerpt":{"rendered":"<p>\u015eAM (SANA) &#8211;\u00a0 Suriye, Uttar Pradesh eyaletinde ya\u015fanan talihsiz izdiham olay\u0131n\u0131n ard\u0131ndan Hindistan halk\u0131yla dayan\u0131\u015fmas\u0131n\u0131 ifade ederek h\u00fck\u00fcmete, Hindistan halk\u0131na ve kurbanlar\u0131n ailelerine en derin ba\u015fsa\u011fl\u0131\u011f\u0131 dileklerini iletti. D\u0131\u015fi\u015fleri ve Gurbet\u00e7iler Bakanl\u0131\u011f\u0131&#8217;ndan yap\u0131lan a\u00e7\u0131klamada \u015fu ifadelere yer verildi: \u00a0&#8220;Hindistan&#8217;\u0131n Uttar Pradesh eyaletinde dini bir etkinlik s\u0131ras\u0131nda meydana gelen ve 120&#8217;den fazla \u00f6l\u00fcm ve onlarca yaralanmayla &hellip;<\/p>\n","protected":false},"author":41,"featured_media":304453,"comment_status":"closed","ping_status":"closed","sticky":false,"template":"","format":"standard","meta":{"footnotes":""},"categories":[458,459,17988],"tags":[41864,16591],"class_list":["post-304452","post","type-post","status-publish","format-standard","has-post-thumbnail","","category-dunya1","category-haberler-arap-uluslararasi-politika","category-son-haberler","tag-120-kisinin-olumuyle-sonuclanan-izdihamin-ardindan-hindistan-hukumeti-ve-halkiyla-dayanismasini-ifade-ediyor","tag-suriye"],"_links":{"self":[{"href":"https:\/\/archive.sana.sy\/tr\/index.php?rest_route=\/wp\/v2\/posts\/304452","targetHints":{"allow":["GET"]}}],"collection":[{"href":"https:\/\/archive.sana.sy\/tr\/index.php?rest_route=\/wp\/v2\/posts"}],"about":[{"href":"https:\/\/archive.sana.sy\/tr\/index.php?rest_route=\/wp\/v2\/types\/post"}],"author":[{"embeddable":true,"href":"https:\/\/archive.sana.sy\/tr\/index.php?rest_route=\/wp\/v2\/users\/41"}],"replies":[{"embeddable":true,"href":"https:\/\/archive.sana.sy\/tr\/index.php?rest_route=%2Fwp%2Fv2%2Fcomments&post=304452"}],"version-history":[{"count":2,"href":"https:\/\/archive.sana.sy\/tr\/index.php?rest_route=\/wp\/v2\/posts\/304452\/revisions"}],"predecessor-version":[{"id":304474,"href":"https:\/\/archive.sana.sy\/tr\/index.php?rest_route=\/wp\/v2\/posts\/304452\/revisions\/304474"}],"wp:featuredmedia":[{"embeddable":true,"href":"https:\/\/archive.sana.sy\/tr\/index.php?rest_route=\/wp\/v2\/media\/304453"}],"wp:attachment":[{"href":"https:\/\/archive.sana.sy\/tr\/index.php?rest_route=%2Fwp%2Fv2%2Fmedia&parent=304452"}],"wp:term":[{"taxonomy":"category","embeddable":true,"href":"https:\/\/archive.sana.sy\/tr\/index.php?rest_route=%2Fwp%2Fv2%2Fcategories&post=304452"},{"taxonomy":"post_tag","embeddable":true,"href":"https:\/\/archive.sana.sy\/tr\/index.php?rest_route=%2Fwp%2Fv2%2Ftags&post=304452"}],"curies":[{"name":"wp","href":"https:\/\/api.w.org\/{rel}","templated":true}]}}