{"id":304461,"date":"2024-07-04T17:47:32","date_gmt":"2024-07-04T14:47:32","guid":{"rendered":"https:\/\/sana.sy\/tr\/?p=304461"},"modified":"2024-07-06T09:01:45","modified_gmt":"2024-07-06T06:01:45","slug":"suriye-ermenistanin-filistin-devletini-tanimasini-takdir-etti","status":"publish","type":"post","link":"https:\/\/archive.sana.sy\/tr\/?p=304461","title":{"rendered":"Suriye, Ermenistan&#8217;\u0131n Filistin Devleti&#8217;ni Tan\u0131mas\u0131n\u0131 Takdir Etti"},"content":{"rendered":"<p style=\"text-align: justify;\"><strong>\u015eAM (SANA) &#8211;<\/strong>\u00a0 Suriye, Ermenistan&#8217;\u0131n Filistin Devleti&#8217;ni tan\u0131mas\u0131n\u0131 b\u00fcy\u00fck be\u011feniyle kar\u015f\u0131lad\u0131 ve karar\u0131n Filistin halk\u0131n\u0131n me\u015fru haklar\u0131n\u0131n yeniden iade edilmesine katk\u0131da bulundu\u011funu vurgulad\u0131.<\/p>\n<p style=\"text-align: justify;\">SANA&#8217;n\u0131n bir n\u00fcshas\u0131n\u0131 ald\u0131\u011f\u0131 D\u0131\u015fi\u015fleri ve Gurbet\u00e7iler Bakanl\u0131\u011f\u0131&#8217;ndan yap\u0131lan a\u00e7\u0131klamada \u015fu ifadelere yer verildi: \u00a0\u2018\u2019Suriye Arap Cumhuriyeti, Ermenistan Cumhuriyeti&#8217;nin Filistin Devleti&#8217;ni tan\u0131mas\u0131n\u0131 b\u00fcy\u00fck takdirle kar\u015f\u0131lamaktad\u0131r.\u2019\u2019<\/p>\n<p style=\"text-align: justify;\">A\u00e7\u0131klamada ayr\u0131ca \u015funlar kaydedildi: \u2018\u2019Suriye, bu cesur karar\u0131n Filistinli Arap halk\u0131n\u0131n me\u015fru haklar\u0131n\u0131n yeniden iade edilmesine katk\u0131da bulundu\u011funu ve onlar\u0131n ba\u015fkenti Kud\u00fcs olan ba\u011f\u0131ms\u0131z bir devlet kurma y\u00f6n\u00fcndeki me\u015fru arzular\u0131n\u0131 ger\u00e7ekle\u015ftirmeye do\u011fru ilerledi\u011fini teyit ediyor.\u2019\u2019<\/p>\n<p style=\"text-align: justify;\">Bakanl\u0131k, \u2018\u2019Suriye Arap Cumhuriyeti, uluslararas\u0131 topluma \u0130srail i\u015fgalini sona erdirmek ve Filistin halk\u0131n\u0131n vazge\u00e7ilmez haklar\u0131na kavu\u015fmas\u0131n\u0131 sa\u011flamak i\u00e7in acil ad\u0131mlar atmaya \u00e7a\u011f\u0131r\u0131yor\u2019\u2019 ifadelerini kullanarak tamamlad\u0131.<\/p>\n<p style=\"text-align: center;\"><strong><a href=\"https:\/\/t.me\/SuriyeArapHaberAjansI\">Telegram Kanal\u0131m\u0131z\u00a0<\/a>||<a href=\"https:\/\/twitter.com\/arap_ajans\">X Platformumuz\u00a0<\/a>||<a href=\"https:\/\/www.facebook.com\/SANAHaberAjansi\/\">Facebook Sayfam\u0131z<\/a><\/strong><\/p>\n","protected":false},"excerpt":{"rendered":"<p>\u015eAM (SANA) &#8211;\u00a0 Suriye, Ermenistan&#8217;\u0131n Filistin Devleti&#8217;ni tan\u0131mas\u0131n\u0131 b\u00fcy\u00fck be\u011feniyle kar\u015f\u0131lad\u0131 ve karar\u0131n Filistin halk\u0131n\u0131n me\u015fru haklar\u0131n\u0131n yeniden iade edilmesine katk\u0131da bulundu\u011funu vurgulad\u0131. SANA&#8217;n\u0131n bir n\u00fcshas\u0131n\u0131 ald\u0131\u011f\u0131 D\u0131\u015fi\u015fleri ve Gurbet\u00e7iler Bakanl\u0131\u011f\u0131&#8217;ndan yap\u0131lan a\u00e7\u0131klamada \u015fu ifadelere yer verildi: \u00a0\u2018\u2019Suriye Arap Cumhuriyeti, Ermenistan Cumhuriyeti&#8217;nin Filistin Devleti&#8217;ni tan\u0131mas\u0131n\u0131 b\u00fcy\u00fck takdirle kar\u015f\u0131lamaktad\u0131r.\u2019\u2019 A\u00e7\u0131klamada ayr\u0131ca \u015funlar kaydedildi: \u2018\u2019Suriye, bu cesur &hellip;<\/p>\n","protected":false},"author":41,"featured_media":304462,"comment_status":"closed","ping_status":"closed","sticky":false,"template":"","format":"standard","meta":{"footnotes":""},"categories":[458,459,17988],"tags":[41865,16591],"class_list":["post-304461","post","type-post","status-publish","format-standard","has-post-thumbnail","","category-dunya1","category-haberler-arap-uluslararasi-politika","category-son-haberler","tag-ermenistanin-filistin-devletini-tanimasini-takdir-etti","tag-suriye"],"_links":{"self":[{"href":"https:\/\/archive.sana.sy\/tr\/index.php?rest_route=\/wp\/v2\/posts\/304461","targetHints":{"allow":["GET"]}}],"collection":[{"href":"https:\/\/archive.sana.sy\/tr\/index.php?rest_route=\/wp\/v2\/posts"}],"about":[{"href":"https:\/\/archive.sana.sy\/tr\/index.php?rest_route=\/wp\/v2\/types\/post"}],"author":[{"embeddable":true,"href":"https:\/\/archive.sana.sy\/tr\/index.php?rest_route=\/wp\/v2\/users\/41"}],"replies":[{"embeddable":true,"href":"https:\/\/archive.sana.sy\/tr\/index.php?rest_route=%2Fwp%2Fv2%2Fcomments&post=304461"}],"version-history":[{"count":1,"href":"https:\/\/archive.sana.sy\/tr\/index.php?rest_route=\/wp\/v2\/posts\/304461\/revisions"}],"predecessor-version":[{"id":304463,"href":"https:\/\/archive.sana.sy\/tr\/index.php?rest_route=\/wp\/v2\/posts\/304461\/revisions\/304463"}],"wp:featuredmedia":[{"embeddable":true,"href":"https:\/\/archive.sana.sy\/tr\/index.php?rest_route=\/wp\/v2\/media\/304462"}],"wp:attachment":[{"href":"https:\/\/archive.sana.sy\/tr\/index.php?rest_route=%2Fwp%2Fv2%2Fmedia&parent=304461"}],"wp:term":[{"taxonomy":"category","embeddable":true,"href":"https:\/\/archive.sana.sy\/tr\/index.php?rest_route=%2Fwp%2Fv2%2Fcategories&post=304461"},{"taxonomy":"post_tag","embeddable":true,"href":"https:\/\/archive.sana.sy\/tr\/index.php?rest_route=%2Fwp%2Fv2%2Ftags&post=304461"}],"curies":[{"name":"wp","href":"https:\/\/api.w.org\/{rel}","templated":true}]}}