{"id":304464,"date":"2024-07-04T12:37:35","date_gmt":"2024-07-04T09:37:35","guid":{"rendered":"https:\/\/sana.sy\/tr\/?p=304464"},"modified":"2024-07-06T09:01:28","modified_gmt":"2024-07-06T06:01:28","slug":"suriye-hava-yollari-riyad-ucuslarina-yeniden-basliyor","status":"publish","type":"post","link":"https:\/\/archive.sana.sy\/tr\/?p=304464","title":{"rendered":"Suriye Hava Yollar\u0131 Riyad U\u00e7u\u015flar\u0131na Yeniden Ba\u015fl\u0131yor"},"content":{"rendered":"<p style=\"text-align: justify;\"><strong>\u015eAM (SANA)<\/strong> &#8211; Suriye Hava Yollar\u0131, 10 Temmuz itibar\u0131yla Suudi Arabistan Krall\u0131\u011f\u0131&#8217;n\u0131n ba\u015fkenti Riyad&#8217;a (\u015eam-Riyad-\u015eam) d\u00fczenli seferlerine yeniden ba\u015flayaca\u011f\u0131n\u0131 duyurdu.<\/p>\n<p style=\"text-align: justify;\">\u015eirketin Genel M\u00fcd\u00fcr\u00fc Hatem Kabbas, SANA muhabirine yapt\u0131\u011f\u0131 a\u00e7\u0131klamada, \u015eam Uluslararas\u0131 Havaliman\u0131&#8217;ndan Riyad Havaliman\u0131&#8217;na her hafta \u00c7ar\u015famba g\u00fcn\u00fc bir u\u00e7u\u015f olmak \u00fczere d\u00fczenli u\u00e7u\u015f ger\u00e7ekle\u015ftirilece\u011fini a\u00e7\u0131klayarak,\u00a0 Suriye Hava Yollar\u0131 i\u00e7in uygun tarihler olu\u015ftu\u011funda sefer say\u0131s\u0131n\u0131n art\u0131r\u0131laca\u011f\u0131n\u0131, her Pazar ikinci u\u00e7u\u015fun yap\u0131lmas\u0131 i\u00e7in \u00e7al\u0131\u015fmalar yap\u0131ld\u0131\u011f\u0131n\u0131 ifade etti.<\/p>\n<p style=\"text-align: justify;\">Kabbas ayr\u0131ca, \u2018\u2019 Seyahat talebinin artmas\u0131, Suudi Arabistan&#8217;\u0131n \u015eam B\u00fcy\u00fckel\u00e7ili\u011fi&#8217;nde i\u015fe d\u00f6n\u00fc\u015f ve vizelerin yeniden verilmesiyle birlikte Cidde Havaliman\u0131&#8217;na u\u00e7u\u015flar da seyahat etmek isteyenlerin ihtiya\u00e7lar\u0131na uygun \u015fekilde planlanmaya ba\u015flayacak\u2019\u2019 ifadelerini kulland\u0131.<\/p>\n<p style=\"text-align: justify;\">Kabbas, 13 y\u0131ll\u0131k bir aradan sonra \u015eam&#8217;dan ba\u015flayacak 2024 Hac sezonunun t\u00fcm zorluklara ra\u011fmen ba\u015far\u0131ya ula\u015fmas\u0131 i\u00e7in g\u00f6sterilen \u00e7abalara \u00f6vg\u00fcde de bulundu.<\/p>\n<p style=\"text-align: center;\"><strong><a href=\"https:\/\/t.me\/SuriyeArapHaberAjansI\">Telegram Kanal\u0131m\u0131z\u00a0<\/a>||<a href=\"https:\/\/twitter.com\/arap_ajans\">X Platformumuz\u00a0<\/a>||<a href=\"https:\/\/www.facebook.com\/SANAHaberAjansi\/\">Facebook Sayfam\u0131z<\/a><\/strong><\/p>\n","protected":false},"excerpt":{"rendered":"<p>\u015eAM (SANA) &#8211; Suriye Hava Yollar\u0131, 10 Temmuz itibar\u0131yla Suudi Arabistan Krall\u0131\u011f\u0131&#8217;n\u0131n ba\u015fkenti Riyad&#8217;a (\u015eam-Riyad-\u015eam) d\u00fczenli seferlerine yeniden ba\u015flayaca\u011f\u0131n\u0131 duyurdu. \u015eirketin Genel M\u00fcd\u00fcr\u00fc Hatem Kabbas, SANA muhabirine yapt\u0131\u011f\u0131 a\u00e7\u0131klamada, \u015eam Uluslararas\u0131 Havaliman\u0131&#8217;ndan Riyad Havaliman\u0131&#8217;na her hafta \u00c7ar\u015famba g\u00fcn\u00fc bir u\u00e7u\u015f olmak \u00fczere d\u00fczenli u\u00e7u\u015f ger\u00e7ekle\u015ftirilece\u011fini a\u00e7\u0131klayarak,\u00a0 Suriye Hava Yollar\u0131 i\u00e7in uygun tarihler olu\u015ftu\u011funda sefer say\u0131s\u0131n\u0131n &hellip;<\/p>\n","protected":false},"author":41,"featured_media":304465,"comment_status":"closed","ping_status":"closed","sticky":false,"template":"","format":"standard","meta":{"footnotes":""},"categories":[458,459,17988],"tags":[41866],"class_list":["post-304464","post","type-post","status-publish","format-standard","has-post-thumbnail","","category-dunya1","category-haberler-arap-uluslararasi-politika","category-son-haberler","tag-suriye-hava-yollari-riyad-ucuslarina-yeniden-basliyor"],"_links":{"self":[{"href":"https:\/\/archive.sana.sy\/tr\/index.php?rest_route=\/wp\/v2\/posts\/304464","targetHints":{"allow":["GET"]}}],"collection":[{"href":"https:\/\/archive.sana.sy\/tr\/index.php?rest_route=\/wp\/v2\/posts"}],"about":[{"href":"https:\/\/archive.sana.sy\/tr\/index.php?rest_route=\/wp\/v2\/types\/post"}],"author":[{"embeddable":true,"href":"https:\/\/archive.sana.sy\/tr\/index.php?rest_route=\/wp\/v2\/users\/41"}],"replies":[{"embeddable":true,"href":"https:\/\/archive.sana.sy\/tr\/index.php?rest_route=%2Fwp%2Fv2%2Fcomments&post=304464"}],"version-history":[{"count":1,"href":"https:\/\/archive.sana.sy\/tr\/index.php?rest_route=\/wp\/v2\/posts\/304464\/revisions"}],"predecessor-version":[{"id":304466,"href":"https:\/\/archive.sana.sy\/tr\/index.php?rest_route=\/wp\/v2\/posts\/304464\/revisions\/304466"}],"wp:featuredmedia":[{"embeddable":true,"href":"https:\/\/archive.sana.sy\/tr\/index.php?rest_route=\/wp\/v2\/media\/304465"}],"wp:attachment":[{"href":"https:\/\/archive.sana.sy\/tr\/index.php?rest_route=%2Fwp%2Fv2%2Fmedia&parent=304464"}],"wp:term":[{"taxonomy":"category","embeddable":true,"href":"https:\/\/archive.sana.sy\/tr\/index.php?rest_route=%2Fwp%2Fv2%2Fcategories&post=304464"},{"taxonomy":"post_tag","embeddable":true,"href":"https:\/\/archive.sana.sy\/tr\/index.php?rest_route=%2Fwp%2Fv2%2Ftags&post=304464"}],"curies":[{"name":"wp","href":"https:\/\/api.w.org\/{rel}","templated":true}]}}