{"id":304467,"date":"2024-07-04T19:22:46","date_gmt":"2024-07-04T16:22:46","guid":{"rendered":"https:\/\/sana.sy\/tr\/?p=304467"},"modified":"2024-07-06T09:02:03","modified_gmt":"2024-07-06T06:02:03","slug":"enformasyon-bakani-medya-sektorunu-gelistirmek-icin-calisiyoruz","status":"publish","type":"post","link":"https:\/\/archive.sana.sy\/tr\/?p=304467","title":{"rendered":"Enformasyon Bakan\u0131: Medya Sekt\u00f6r\u00fcn\u00fc Geli\u015ftirmek \u0130\u00e7in \u00c7al\u0131\u015f\u0131yoruz"},"content":{"rendered":"<p style=\"text-align: justify;\"><strong>\u015eAM (SANA)<\/strong> &#8211; Enformasyon Bakan\u0131 Butrus Hallak, Suriye medyas\u0131n\u0131n sava\u015f y\u0131llar\u0131nda, \u00f6zellikle de son \u00fc\u00e7 y\u0131lda, <img loading=\"lazy\" decoding=\"async\" class=\"size-full wp-image-304469 alignright\" src=\"http:\/\/sana.sy\/tr\/wp-content\/uploads\/2024\/07\/Untitled-4-1-300x168-1.jpg\" alt=\"\" width=\"300\" height=\"168\" \/>\u00fclke i\u00e7inden ve d\u0131\u015f\u0131ndan bizi hedef alan y\u00fczlerce kanalla m\u00fccadele etme \u00e7aba ve faaliyetlerinden dolay\u0131 sa\u011flad\u0131\u011f\u0131 hizmetlerden gurur duydu\u011funu ifade ederek, medya profesyonellerinin Suriye&#8217;ye y\u00f6nelik ter\u00f6rist sava\u015f y\u0131llar\u0131nda \u00fclkenin onurunu ve kararl\u0131l\u0131\u011f\u0131n\u0131 korumadaki \u00f6nemli rol\u00fcn\u00fc ve b\u00fcy\u00fck \u00e7abalar\u0131n\u0131 vurgulad\u0131.<\/p>\n<p style=\"text-align: justify;\">Bakan Hallak, Tartus Valili\u011fi&#8217;nde medya profesyonelleriyle yapt\u0131\u011f\u0131 diyalog toplant\u0131s\u0131nda, medyan\u0131n en \u00e7ok geli\u015fmeye ihtiya\u00e7 duyan sekt\u00f6rlerden biri oldu\u011funu ve bununla ilgili yasalar\u0131n g\u00fcncellenmesi gerekti\u011fini belirtti.<\/p>\n<p style=\"text-align: justify;\"><img loading=\"lazy\" decoding=\"async\" class=\"size-full wp-image-304470 alignright\" src=\"http:\/\/sana.sy\/tr\/wp-content\/uploads\/2024\/07\/photo_2024-07-04_16-32-09-300x182-1.jpg\" alt=\"\" width=\"300\" height=\"182\" \/>\u2018\u2019Medya yasas\u0131 kamuoyunun ve medya personelinin korunmas\u0131na odaklan\u0131yor ve medya profesyonelleri ile di\u011ferleri aras\u0131nda ayr\u0131m yap\u0131yor\u2019\u2019 diyen Hallak, Enformasyon Bakanl\u0131\u011f\u0131&#8217;n\u0131n ge\u00e7ti\u011fimiz y\u0131l \u00fczerinde \u00e7al\u0131\u015ft\u0131\u011f\u0131 yeni projeler arac\u0131l\u0131\u011f\u0131yla medya sekt\u00f6r\u00fcn\u00fc \u00e7e\u015fitli ulusal sekt\u00f6rlerle ortakl\u0131k olana\u011f\u0131yla geli\u015ftirme plan\u0131n\u0131n bulundu\u011funu kaydetti.<\/p>\n<p style=\"text-align: justify;\">Kat\u0131l\u0131mc\u0131lar\u0131n m\u00fcdahalelerine yan\u0131t\u0131nda Bakan Hallak, ister m\u00fchendis, ister foto\u011fraf\u00e7\u0131, haz\u0131rlay\u0131c\u0131, edit\u00f6r veya ba\u015fka biri olsun, gazetecinin medya i\u015finin bir k\u0131sm\u0131n\u0131 sa\u011flayan herkes olarak kabul edildi\u011fini vurgulad\u0131.<\/p>\n<p style=\"text-align: justify;\">Radyo ve Televizyon Genel Kurumu Genel M\u00fcd\u00fcr\u00fc Habib Selman da, Kurumun bir\u00e7ok \u015fubesinde \u00e7al\u0131\u015fmalar\u0131n esas al\u0131nd\u0131\u011f\u0131, ikramiye sistemi \u00fczerinde \u00e7al\u0131\u015fanlar\u0131n en aktif kesim oldu\u011funu do\u011frulad\u0131.<\/p>\n<p style=\"text-align: justify;\">El Vahde Kurumu Genel M\u00fcd\u00fcr\u00fc Amced \u0130sa ise, kiral\u0131k merkez sorununun \u00e7\u00f6z\u00fcm\u00fcn\u00fcn merkezi y\u00f6netimle de\u011fil valilikle ilgili oldu\u011funu ve Vakf\u0131n gelecek y\u0131l k\u00e2rl\u0131 olmay\u0131 hedefledi\u011fini kaydetti.<\/p>\n<p style=\"text-align: center;\"><strong><a href=\"https:\/\/t.me\/SuriyeArapHaberAjansI\">Telegram Kanal\u0131m\u0131z\u00a0<\/a>||<a href=\"https:\/\/twitter.com\/arap_ajans\">X Platformumuz\u00a0<\/a>||<a href=\"https:\/\/www.facebook.com\/SANAHaberAjansi\/\">Facebook Sayfam\u0131z<\/a><\/strong><\/p>\n","protected":false},"excerpt":{"rendered":"<p>\u015eAM (SANA) &#8211; Enformasyon Bakan\u0131 Butrus Hallak, Suriye medyas\u0131n\u0131n sava\u015f y\u0131llar\u0131nda, \u00f6zellikle de son \u00fc\u00e7 y\u0131lda, \u00fclke i\u00e7inden ve d\u0131\u015f\u0131ndan bizi hedef alan y\u00fczlerce kanalla m\u00fccadele etme \u00e7aba ve faaliyetlerinden dolay\u0131 sa\u011flad\u0131\u011f\u0131 hizmetlerden gurur duydu\u011funu ifade ederek, medya profesyonellerinin Suriye&#8217;ye y\u00f6nelik ter\u00f6rist sava\u015f y\u0131llar\u0131nda \u00fclkenin onurunu ve kararl\u0131l\u0131\u011f\u0131n\u0131 korumadaki \u00f6nemli rol\u00fcn\u00fc ve b\u00fcy\u00fck \u00e7abalar\u0131n\u0131 vurgulad\u0131. &hellip;<\/p>\n","protected":false},"author":41,"featured_media":304468,"comment_status":"closed","ping_status":"closed","sticky":false,"template":"","format":"standard","meta":{"footnotes":""},"categories":[458,459,17988],"tags":[41867,38380,38641],"class_list":["post-304467","post","type-post","status-publish","format-standard","has-post-thumbnail","","category-dunya1","category-haberler-arap-uluslararasi-politika","category-son-haberler","tag-enformasyon-bakani-medya-sektorunu-gelistirmek-icin-calisiyoruz","tag-suriyede-ne-oluyor","tag-suriyede-son-gelimeler"],"_links":{"self":[{"href":"https:\/\/archive.sana.sy\/tr\/index.php?rest_route=\/wp\/v2\/posts\/304467","targetHints":{"allow":["GET"]}}],"collection":[{"href":"https:\/\/archive.sana.sy\/tr\/index.php?rest_route=\/wp\/v2\/posts"}],"about":[{"href":"https:\/\/archive.sana.sy\/tr\/index.php?rest_route=\/wp\/v2\/types\/post"}],"author":[{"embeddable":true,"href":"https:\/\/archive.sana.sy\/tr\/index.php?rest_route=\/wp\/v2\/users\/41"}],"replies":[{"embeddable":true,"href":"https:\/\/archive.sana.sy\/tr\/index.php?rest_route=%2Fwp%2Fv2%2Fcomments&post=304467"}],"version-history":[{"count":3,"href":"https:\/\/archive.sana.sy\/tr\/index.php?rest_route=\/wp\/v2\/posts\/304467\/revisions"}],"predecessor-version":[{"id":304473,"href":"https:\/\/archive.sana.sy\/tr\/index.php?rest_route=\/wp\/v2\/posts\/304467\/revisions\/304473"}],"wp:featuredmedia":[{"embeddable":true,"href":"https:\/\/archive.sana.sy\/tr\/index.php?rest_route=\/wp\/v2\/media\/304468"}],"wp:attachment":[{"href":"https:\/\/archive.sana.sy\/tr\/index.php?rest_route=%2Fwp%2Fv2%2Fmedia&parent=304467"}],"wp:term":[{"taxonomy":"category","embeddable":true,"href":"https:\/\/archive.sana.sy\/tr\/index.php?rest_route=%2Fwp%2Fv2%2Fcategories&post=304467"},{"taxonomy":"post_tag","embeddable":true,"href":"https:\/\/archive.sana.sy\/tr\/index.php?rest_route=%2Fwp%2Fv2%2Ftags&post=304467"}],"curies":[{"name":"wp","href":"https:\/\/api.w.org\/{rel}","templated":true}]}}