{"id":304478,"date":"2024-07-05T13:30:01","date_gmt":"2024-07-05T10:30:01","guid":{"rendered":"https:\/\/sana.sy\/tr\/?p=304478"},"modified":"2024-07-07T08:55:20","modified_gmt":"2024-07-07T05:55:20","slug":"isgalin-cenin-kentine-yonelik-saldirganligi-sonucu-bes-filistinli-sehit-dustu","status":"publish","type":"post","link":"https:\/\/archive.sana.sy\/tr\/?p=304478","title":{"rendered":"\u0130\u015fgalin Cenin Kentine Y\u00f6nelik Sald\u0131rganl\u0131\u011f\u0131 \u00a0Sonucu Be\u015f Filistinli \u015eehit D\u00fc\u015ft\u00fc"},"content":{"rendered":"<p style=\"text-align: justify;\"><strong>\u0130\u015eGAL ED\u0130LEN KUD\u00dcS (SANA)<\/strong> &#8211; \u0130srail i\u015fgal g\u00fc\u00e7lerinin Bat\u0131 \u015eeria&#8217;n\u0131n Cenin kentine y\u00f6nelik sald\u0131rl\u0131\u011f\u0131nda bu sabah 5 Filistinli \u015fehit oldu, \u00e7ok say\u0131da ki\u015fi de yaraland\u0131.<\/p>\n<p style=\"text-align: justify;\">Wafa Ajans\u0131 bildirisinde, \u00a0&#8221;\u0130\u015fgal g\u00fc\u00e7leri, \u201cHayfa\u201d ve \u201cNas\u0131ra\u201d caddelerinden \u015fehre bask\u0131n d\u00fczenledi, \u015fehrin bat\u0131s\u0131ndaki \u201cHiri\u015f El Saada\u201ddaki bir evi ku\u015fatt\u0131 ve evini \u00e7ok say\u0131da \u201cEnergia\u201d top mermisi ile bombalad\u0131, bu s\u0131rada mermiler ve zehirli gaz bombalar\u0131 da at\u0131ld\u0131.\u00a0 \u0130\u015fgal dronlar\u0131 ayr\u0131ca kamptaki \u201cEl Avda D\u00f6ner Kav\u015fa\u011f\u0131\u201d yak\u0131n\u0131ndaki bir grup genci de bombalayarak be\u015f Filistinlinin \u00f6l\u00fcm\u00fcne yol a\u00e7t\u0131&#8221; dedi.<\/p>\n<p style=\"text-align: justify;\">Cenin \u015eehit Halil S\u00fcleyman Devlet Hastanesi M\u00fcd\u00fcr\u00fc, i\u015fgal g\u00fc\u00e7lerinin a\u00e7t\u0131\u011f\u0131 ate\u015f sonucu 4 gencin \u015fehit oldu\u011funu, baz\u0131lar\u0131n\u0131n da yaraland\u0131\u011f\u0131n\u0131, be\u015finci bir \u015fehidin de kentin El-Zehraa mahallesinde vurularak hayat\u0131n\u0131 kaybetti\u011fini bildirdi.<\/p>\n<p style=\"text-align: justify;\">Filistin K\u0131z\u0131lay\u0131 ise, ekiplerinin \u0130bn Sina Hastanesi yak\u0131nlar\u0131nda iki ciddi yaral\u0131yla ilgilendi\u011fini, bunlardan birinin boynundan vurulan gen\u00e7 bir adam oldu\u011funu a\u00e7\u0131klad\u0131.<\/p>\n<p style=\"text-align: justify;\">\u0130\u015fgal g\u00fc\u00e7leri, ambulans ekiplerinin Sert El Saada&#8217;da ku\u015fatma alt\u0131ndaki eve ula\u015fmas\u0131n\u0131 engelledi, kentteki evlerin \u00e7at\u0131lar\u0131na keskin ni\u015fanc\u0131lar konu\u015fland\u0131rd\u0131, elektrik trafolar\u0131n\u0131 imha etti. Bu durum Cenin kamp\u0131n\u0131n baz\u0131 b\u00f6lgelerinde elektrik kesintisine neden oldu<\/p>\n<p style=\"text-align: justify;\">Filistin direni\u015fi ise sava\u015f\u00e7\u0131lar\u0131n\u0131n Cenin kamp\u0131nda d\u00fc\u015fman askerleriyle silahl\u0131 \u00e7at\u0131\u015fmalara girdi\u011fini ve &#8220;Sert El-Saada&#8221; b\u00f6lgesindeki ku\u015fatma alt\u0131ndaki evin yak\u0131n\u0131ndaki ara\u00e7 ve g\u00fc\u00e7lerini hedef ald\u0131\u011f\u0131n\u0131 duyurdu.<\/p>\n<p style=\"text-align: center;\"><strong><a href=\"https:\/\/t.me\/SuriyeArapHaberAjansI\">Telegram Kanal\u0131m\u0131z\u00a0<\/a>||<a href=\"https:\/\/twitter.com\/arap_ajans\">X Platformumuz\u00a0<\/a>||<a href=\"https:\/\/www.facebook.com\/SANAHaberAjansi\/\">Facebook Sayfam\u0131z<\/a><\/strong><\/p>\n","protected":false},"excerpt":{"rendered":"<p>\u0130\u015eGAL ED\u0130LEN KUD\u00dcS (SANA) &#8211; \u0130srail i\u015fgal g\u00fc\u00e7lerinin Bat\u0131 \u015eeria&#8217;n\u0131n Cenin kentine y\u00f6nelik sald\u0131rl\u0131\u011f\u0131nda bu sabah 5 Filistinli \u015fehit oldu, \u00e7ok say\u0131da ki\u015fi de yaraland\u0131. Wafa Ajans\u0131 bildirisinde, \u00a0&#8221;\u0130\u015fgal g\u00fc\u00e7leri, \u201cHayfa\u201d ve \u201cNas\u0131ra\u201d caddelerinden \u015fehre bask\u0131n d\u00fczenledi, \u015fehrin bat\u0131s\u0131ndaki \u201cHiri\u015f El Saada\u201ddaki bir evi ku\u015fatt\u0131 ve evini \u00e7ok say\u0131da \u201cEnergia\u201d top mermisi ile bombalad\u0131, bu &hellip;<\/p>\n","protected":false},"author":41,"featured_media":304479,"comment_status":"closed","ping_status":"closed","sticky":false,"template":"","format":"standard","meta":{"footnotes":""},"categories":[458,459,17988],"tags":[38702],"class_list":["post-304478","post","type-post","status-publish","format-standard","has-post-thumbnail","","category-dunya1","category-haberler-arap-uluslararasi-politika","category-son-haberler","tag-wafa-ajansi"],"_links":{"self":[{"href":"https:\/\/archive.sana.sy\/tr\/index.php?rest_route=\/wp\/v2\/posts\/304478","targetHints":{"allow":["GET"]}}],"collection":[{"href":"https:\/\/archive.sana.sy\/tr\/index.php?rest_route=\/wp\/v2\/posts"}],"about":[{"href":"https:\/\/archive.sana.sy\/tr\/index.php?rest_route=\/wp\/v2\/types\/post"}],"author":[{"embeddable":true,"href":"https:\/\/archive.sana.sy\/tr\/index.php?rest_route=\/wp\/v2\/users\/41"}],"replies":[{"embeddable":true,"href":"https:\/\/archive.sana.sy\/tr\/index.php?rest_route=%2Fwp%2Fv2%2Fcomments&post=304478"}],"version-history":[{"count":1,"href":"https:\/\/archive.sana.sy\/tr\/index.php?rest_route=\/wp\/v2\/posts\/304478\/revisions"}],"predecessor-version":[{"id":304480,"href":"https:\/\/archive.sana.sy\/tr\/index.php?rest_route=\/wp\/v2\/posts\/304478\/revisions\/304480"}],"wp:featuredmedia":[{"embeddable":true,"href":"https:\/\/archive.sana.sy\/tr\/index.php?rest_route=\/wp\/v2\/media\/304479"}],"wp:attachment":[{"href":"https:\/\/archive.sana.sy\/tr\/index.php?rest_route=%2Fwp%2Fv2%2Fmedia&parent=304478"}],"wp:term":[{"taxonomy":"category","embeddable":true,"href":"https:\/\/archive.sana.sy\/tr\/index.php?rest_route=%2Fwp%2Fv2%2Fcategories&post=304478"},{"taxonomy":"post_tag","embeddable":true,"href":"https:\/\/archive.sana.sy\/tr\/index.php?rest_route=%2Fwp%2Fv2%2Ftags&post=304478"}],"curies":[{"name":"wp","href":"https:\/\/api.w.org\/{rel}","templated":true}]}}