{"id":304481,"date":"2024-07-05T14:00:44","date_gmt":"2024-07-05T11:00:44","guid":{"rendered":"https:\/\/sana.sy\/tr\/?p=304481"},"modified":"2024-07-07T08:55:25","modified_gmt":"2024-07-07T05:55:25","slug":"suriyede-ikamet-eden-iranlilar-cumhurbaskanligi-secimlerinin-ikinci-turuna-katiliyor","status":"publish","type":"post","link":"https:\/\/archive.sana.sy\/tr\/?p=304481","title":{"rendered":"Suriye&#8217;de \u0130kamet Eden \u0130ranl\u0131lar Cumhurba\u015fkanl\u0131\u011f\u0131 Se\u00e7imlerinin \u0130kinci Turuna Kat\u0131l\u0131yor"},"content":{"rendered":"<p style=\"text-align: justify;\"><strong>\u015eAM (SANA)<\/strong> &#8211; Suriye&#8217;de ikamet eden \u0130ranl\u0131lar, bu sabah saat sekizden bu yana, on d\u00f6rd\u00fcnc\u00fc cumhurba\u015fkanl\u0131\u011f\u0131 se\u00e7imlerinin ikinci a\u015famas\u0131na kat\u0131lmak i\u00e7in \u0130ran&#8217;\u0131n \u00e7e\u015fitli valiliklerindeki B\u00fcy\u00fckel\u00e7ili\u011fi taraf\u0131ndan onaylanan oy verme merkezlerine ak\u0131n etti.<\/p>\n<p style=\"text-align: justify;\">\u0130ran&#8217;\u0131n \u015eam B\u00fcy\u00fckel\u00e7isi H\u00fcseyin Ekberi, b\u00fcy\u00fckel\u00e7ilik merkezinde oyunu kulland\u0131ktan sonra gazetecilere yapt\u0131\u011f\u0131 a\u00e7\u0131klamada, Suriye&#8217;de ilk a\u015famaya kat\u0131l\u0131m\u0131n di\u011fer \u00fclkelere k\u0131yasla \u00e7ok iyi oldu\u011funa dikkat \u00e7ekti.<\/p>\n<p style=\"text-align: justify;\">Akbari, b\u00fcy\u00fckel\u00e7ili\u011fin Suriye genelinde Halep ve Lazkiye&#8217;de 3, \u015eam&#8217;da ise 7 sand\u0131k olmak \u00fczere 10 oy sand\u0131\u011f\u0131n\u0131 onaylad\u0131\u011f\u0131n\u0131 ve se\u00e7menlerin oy verme s\u00fcrecini kolayla\u015ft\u0131rmak i\u00e7in ula\u015f\u0131m ara\u00e7lar\u0131 sa\u011fland\u0131\u011f\u0131n\u0131 anlatt\u0131.<\/p>\n<p style=\"text-align: justify;\">B\u00fcy\u00fckel\u00e7i Akbari ayr\u0131ca ilk a\u015famada Suriye&#8217;de ikamet eden \u0130ranl\u0131lar\u0131n y\u00fczde 95&#8217;inin se\u00e7imlere kat\u0131lmaya haz\u0131r oldu\u011funa dikkat \u00e7ekerek, bu a\u015famada kat\u0131l\u0131m\u0131n iyi olmas\u0131n\u0131 umdu\u011funu ifade etti.<\/p>\n<p style=\"text-align: justify;\">B\u00fcy\u00fckel\u00e7i Ekberi, \u00fclkesinin direni\u015fe ve Filistin&#8217;e ve hakim d\u00fcnya d\u00fczenine kar\u015f\u0131 ilkeli duru\u015funun de\u011fi\u015fmedi\u011fini, bu nedenle d\u00fc\u015fmanlar\u0131n \u0130ran cumhurba\u015fkanl\u0131\u011f\u0131 se\u00e7imlerine \u00e7ok az kat\u0131l\u0131m sa\u011flamaya \u00e7al\u0131\u015ft\u0131\u011f\u0131n\u0131 da vurgulad\u0131.<\/p>\n<p style=\"text-align: center;\"><strong><a href=\"https:\/\/t.me\/SuriyeArapHaberAjansI\">Telegram Kanal\u0131m\u0131z\u00a0<\/a>||<a href=\"https:\/\/twitter.com\/arap_ajans\">X Platformumuz\u00a0<\/a>||<a href=\"https:\/\/www.facebook.com\/SANAHaberAjansi\/\">Facebook Sayfam\u0131z<\/a><\/strong><\/p>\n","protected":false},"excerpt":{"rendered":"<p>\u015eAM (SANA) &#8211; Suriye&#8217;de ikamet eden \u0130ranl\u0131lar, bu sabah saat sekizden bu yana, on d\u00f6rd\u00fcnc\u00fc cumhurba\u015fkanl\u0131\u011f\u0131 se\u00e7imlerinin ikinci a\u015famas\u0131na kat\u0131lmak i\u00e7in \u0130ran&#8217;\u0131n \u00e7e\u015fitli valiliklerindeki B\u00fcy\u00fckel\u00e7ili\u011fi taraf\u0131ndan onaylanan oy verme merkezlerine ak\u0131n etti. \u0130ran&#8217;\u0131n \u015eam B\u00fcy\u00fckel\u00e7isi H\u00fcseyin Ekberi, b\u00fcy\u00fckel\u00e7ilik merkezinde oyunu kulland\u0131ktan sonra gazetecilere yapt\u0131\u011f\u0131 a\u00e7\u0131klamada, Suriye&#8217;de ilk a\u015famaya kat\u0131l\u0131m\u0131n di\u011fer \u00fclkelere k\u0131yasla \u00e7ok iyi oldu\u011funa &hellip;<\/p>\n","protected":false},"author":41,"featured_media":304482,"comment_status":"closed","ping_status":"closed","sticky":false,"template":"","format":"standard","meta":{"footnotes":""},"categories":[458,459,17988,2554],"tags":[41870,41869,41868],"class_list":["post-304481","post","type-post","status-publish","format-standard","has-post-thumbnail","","category-dunya1","category-haberler-arap-uluslararasi-politika","category-son-haberler","category-suriye-ve-dunya","tag-iranin-sam-buyukelcisi","tag-suriyede-ikamet-eden-iranlilar","tag-suriyede-ikamet-eden-iranlilar-cumhurbaskanligi-secimlerinin-ikinci-turuna-katiliyor"],"_links":{"self":[{"href":"https:\/\/archive.sana.sy\/tr\/index.php?rest_route=\/wp\/v2\/posts\/304481","targetHints":{"allow":["GET"]}}],"collection":[{"href":"https:\/\/archive.sana.sy\/tr\/index.php?rest_route=\/wp\/v2\/posts"}],"about":[{"href":"https:\/\/archive.sana.sy\/tr\/index.php?rest_route=\/wp\/v2\/types\/post"}],"author":[{"embeddable":true,"href":"https:\/\/archive.sana.sy\/tr\/index.php?rest_route=\/wp\/v2\/users\/41"}],"replies":[{"embeddable":true,"href":"https:\/\/archive.sana.sy\/tr\/index.php?rest_route=%2Fwp%2Fv2%2Fcomments&post=304481"}],"version-history":[{"count":1,"href":"https:\/\/archive.sana.sy\/tr\/index.php?rest_route=\/wp\/v2\/posts\/304481\/revisions"}],"predecessor-version":[{"id":304483,"href":"https:\/\/archive.sana.sy\/tr\/index.php?rest_route=\/wp\/v2\/posts\/304481\/revisions\/304483"}],"wp:featuredmedia":[{"embeddable":true,"href":"https:\/\/archive.sana.sy\/tr\/index.php?rest_route=\/wp\/v2\/media\/304482"}],"wp:attachment":[{"href":"https:\/\/archive.sana.sy\/tr\/index.php?rest_route=%2Fwp%2Fv2%2Fmedia&parent=304481"}],"wp:term":[{"taxonomy":"category","embeddable":true,"href":"https:\/\/archive.sana.sy\/tr\/index.php?rest_route=%2Fwp%2Fv2%2Fcategories&post=304481"},{"taxonomy":"post_tag","embeddable":true,"href":"https:\/\/archive.sana.sy\/tr\/index.php?rest_route=%2Fwp%2Fv2%2Ftags&post=304481"}],"curies":[{"name":"wp","href":"https:\/\/api.w.org\/{rel}","templated":true}]}}