{"id":304484,"date":"2024-07-05T10:00:31","date_gmt":"2024-07-05T07:00:31","guid":{"rendered":"https:\/\/sana.sy\/tr\/?p=304484"},"modified":"2024-07-06T09:02:05","modified_gmt":"2024-07-06T06:02:05","slug":"nasrullah-hamas-hareketinden-bir-heyetle-isgal-altindaki-filistindeki-guncel-gelismeleri-gorustu","status":"publish","type":"post","link":"https:\/\/archive.sana.sy\/tr\/?p=304484","title":{"rendered":"Nasrullah, Hamas Hareketinden Bir Heyetle I\u015fgal Alt\u0131ndaki Filistin&#8217;deki G\u00fcncel Geli\u015fmeleri G\u00f6r\u00fc\u015ft\u00fc"},"content":{"rendered":"<p style=\"text-align: justify;\"><strong>BEYRUT (SANA)<\/strong> \u2013 Hizbullah Genel Sekreteri Seyyid Hasan Nasrullah bug\u00fcn, Halil El Hayya ba\u015fkanl\u0131\u011f\u0131ndaki Hamas hareketinin \u00f6nde gelen heyetiyle, \u00f6zelde Gazze \u015eeridi&#8217;ndeki ve genel olarak i\u015fgal alt\u0131ndaki Filistin&#8217;deki g\u00fcncel geli\u015fmeleri, L\u00fcbnan, Yemen ve Irak&#8217;taki destek cephelerinin ko\u015fullar\u0131n\u0131 g\u00f6r\u00fc\u015ft\u00fc.<\/p>\n<p style=\"text-align: justify;\">G\u00f6r\u00fc\u015fmede, mevcut m\u00fczakerelerdeki son geli\u015fmeler ve atmosfer g\u00f6zden ge\u00e7irilirken, Gazze \u015eeridi&#8217;nde Filistin halk\u0131na y\u00f6nelik hain sald\u0131rganl\u0131\u011f\u0131n sona erdirilmesine y\u00f6nelik \u00f6neriler ele al\u0131nd\u0131.<\/p>\n<p style=\"text-align: justify;\">G\u00f6r\u00fc\u015fmede s\u0131ras\u0131nda ayr\u0131ca, her iki taraf\u0131n saha ve siyasi koordinasyonu s\u00fcrd\u00fcrme ve di\u011fer \u00e7e\u015fitli d\u00fczeylerde istenen hedeflere ula\u015fma konusundaki isteklili\u011fi do\u011fruland\u0131.<\/p>\n<p style=\"text-align: center;\"><strong><a href=\"https:\/\/t.me\/SuriyeArapHaberAjansI\">Telegram Kanal\u0131m\u0131z\u00a0<\/a>||<a href=\"https:\/\/twitter.com\/arap_ajans\">X Platformumuz\u00a0<\/a>||<a href=\"https:\/\/www.facebook.com\/SANAHaberAjansi\/\">Facebook Sayfam\u0131z<\/a><\/strong><\/p>\n","protected":false},"excerpt":{"rendered":"<p>BEYRUT (SANA) \u2013 Hizbullah Genel Sekreteri Seyyid Hasan Nasrullah bug\u00fcn, Halil El Hayya ba\u015fkanl\u0131\u011f\u0131ndaki Hamas hareketinin \u00f6nde gelen heyetiyle, \u00f6zelde Gazze \u015eeridi&#8217;ndeki ve genel olarak i\u015fgal alt\u0131ndaki Filistin&#8217;deki g\u00fcncel geli\u015fmeleri, L\u00fcbnan, Yemen ve Irak&#8217;taki destek cephelerinin ko\u015fullar\u0131n\u0131 g\u00f6r\u00fc\u015ft\u00fc. G\u00f6r\u00fc\u015fmede, mevcut m\u00fczakerelerdeki son geli\u015fmeler ve atmosfer g\u00f6zden ge\u00e7irilirken, Gazze \u015eeridi&#8217;nde Filistin halk\u0131na y\u00f6nelik hain sald\u0131rganl\u0131\u011f\u0131n sona &hellip;<\/p>\n","protected":false},"author":41,"featured_media":304485,"comment_status":"closed","ping_status":"closed","sticky":false,"template":"","format":"standard","meta":{"footnotes":""},"categories":[458,459,17988],"tags":[41872,41871,41873,27788],"class_list":["post-304484","post","type-post","status-publish","format-standard","has-post-thumbnail","","category-dunya1","category-haberler-arap-uluslararasi-politika","category-son-haberler","tag-destek-cepheleri","tag-hamas-hareketinden-bir-heyetle-isgal-altindaki-filistindeki-guncel-gelismeleri-gorustu","tag-hizbullah-genel-sekreteri","tag-nasrullah"],"_links":{"self":[{"href":"https:\/\/archive.sana.sy\/tr\/index.php?rest_route=\/wp\/v2\/posts\/304484","targetHints":{"allow":["GET"]}}],"collection":[{"href":"https:\/\/archive.sana.sy\/tr\/index.php?rest_route=\/wp\/v2\/posts"}],"about":[{"href":"https:\/\/archive.sana.sy\/tr\/index.php?rest_route=\/wp\/v2\/types\/post"}],"author":[{"embeddable":true,"href":"https:\/\/archive.sana.sy\/tr\/index.php?rest_route=\/wp\/v2\/users\/41"}],"replies":[{"embeddable":true,"href":"https:\/\/archive.sana.sy\/tr\/index.php?rest_route=%2Fwp%2Fv2%2Fcomments&post=304484"}],"version-history":[{"count":1,"href":"https:\/\/archive.sana.sy\/tr\/index.php?rest_route=\/wp\/v2\/posts\/304484\/revisions"}],"predecessor-version":[{"id":304486,"href":"https:\/\/archive.sana.sy\/tr\/index.php?rest_route=\/wp\/v2\/posts\/304484\/revisions\/304486"}],"wp:featuredmedia":[{"embeddable":true,"href":"https:\/\/archive.sana.sy\/tr\/index.php?rest_route=\/wp\/v2\/media\/304485"}],"wp:attachment":[{"href":"https:\/\/archive.sana.sy\/tr\/index.php?rest_route=%2Fwp%2Fv2%2Fmedia&parent=304484"}],"wp:term":[{"taxonomy":"category","embeddable":true,"href":"https:\/\/archive.sana.sy\/tr\/index.php?rest_route=%2Fwp%2Fv2%2Fcategories&post=304484"},{"taxonomy":"post_tag","embeddable":true,"href":"https:\/\/archive.sana.sy\/tr\/index.php?rest_route=%2Fwp%2Fv2%2Ftags&post=304484"}],"curies":[{"name":"wp","href":"https:\/\/api.w.org\/{rel}","templated":true}]}}