{"id":304487,"date":"2024-07-05T17:41:27","date_gmt":"2024-07-05T14:41:27","guid":{"rendered":"https:\/\/sana.sy\/tr\/?p=304487"},"modified":"2024-07-07T08:55:30","modified_gmt":"2024-07-07T05:55:30","slug":"lubnan-direnisi-ramsada-israil-dusmanini-hedef-aldi","status":"publish","type":"post","link":"https:\/\/archive.sana.sy\/tr\/?p=304487","title":{"rendered":"L\u00fcbnan Direni\u015fi Ramsa&#8217;da D\u00fc\u015fman \u0130srail&#8217;i Hedef Ald\u0131"},"content":{"rendered":"<p><strong>BEYRUT (SANA)<\/strong> &#8211;\u00a0 Bug\u00fcn L\u00fcbnan direni\u015fi Ramsa sahas\u0131ndaki d\u00fc\u015fman \u0130srail&#8217;i hedef ald\u0131 ve do\u011frudan isabet elde etti.<\/p>\n<p style=\"text-align: justify;\">Direni\u015f yapt\u0131\u011f\u0131 a\u00e7\u0131klamada, sava\u015f\u00e7\u0131lar\u0131n\u0131n bu \u00f6\u011fleden sonra L\u00fcbnan&#8217;\u0131n i\u015fgal alt\u0131ndaki Kafr \u015euba tepelerindeki Ramtha b\u00f6lgesini f\u00fcze silahlar\u0131yla hedef ald\u0131\u011f\u0131n\u0131 ve do\u011frudan vurdu\u011funu a\u00e7\u0131klarken, operasyonun Gazze \u015eeridi&#8217;ndeki kararl\u0131 Filistin halk\u0131na destek \u00e7er\u00e7evesinde ve cesur ve onurlu direni\u015flerini destekledi\u011fine dikkat \u00e7ekti.<\/p>\n<p style=\"text-align: center;\"><strong><a href=\"https:\/\/t.me\/SuriyeArapHaberAjansI\">Telegram Kanal\u0131m\u0131z\u00a0<\/a>||<a href=\"https:\/\/twitter.com\/arap_ajans\">X Platformumuz\u00a0<\/a>||<a href=\"https:\/\/www.facebook.com\/SANAHaberAjansi\/\">Facebook Sayfam\u0131z<\/a><\/strong><\/p>\n","protected":false},"excerpt":{"rendered":"<p>BEYRUT (SANA) &#8211;\u00a0 Bug\u00fcn L\u00fcbnan direni\u015fi Ramsa sahas\u0131ndaki d\u00fc\u015fman \u0130srail&#8217;i hedef ald\u0131 ve do\u011frudan isabet elde etti. Direni\u015f yapt\u0131\u011f\u0131 a\u00e7\u0131klamada, sava\u015f\u00e7\u0131lar\u0131n\u0131n bu \u00f6\u011fleden sonra L\u00fcbnan&#8217;\u0131n i\u015fgal alt\u0131ndaki Kafr \u015euba tepelerindeki Ramtha b\u00f6lgesini f\u00fcze silahlar\u0131yla hedef ald\u0131\u011f\u0131n\u0131 ve do\u011frudan vurdu\u011funu a\u00e7\u0131klarken, operasyonun Gazze \u015eeridi&#8217;ndeki kararl\u0131 Filistin halk\u0131na destek \u00e7er\u00e7evesinde ve cesur ve onurlu direni\u015flerini destekledi\u011fine dikkat &hellip;<\/p>\n","protected":false},"author":41,"featured_media":304488,"comment_status":"closed","ping_status":"closed","sticky":false,"template":"","format":"standard","meta":{"footnotes":""},"categories":[575,17988],"tags":[41874],"class_list":["post-304487","post","type-post","status-publish","format-standard","has-post-thumbnail","","category-olaylar-ve-gercekler","category-son-haberler","tag-lubnan-direnisi-ramsada-israil-dusmanini-hedef-aldi"],"_links":{"self":[{"href":"https:\/\/archive.sana.sy\/tr\/index.php?rest_route=\/wp\/v2\/posts\/304487","targetHints":{"allow":["GET"]}}],"collection":[{"href":"https:\/\/archive.sana.sy\/tr\/index.php?rest_route=\/wp\/v2\/posts"}],"about":[{"href":"https:\/\/archive.sana.sy\/tr\/index.php?rest_route=\/wp\/v2\/types\/post"}],"author":[{"embeddable":true,"href":"https:\/\/archive.sana.sy\/tr\/index.php?rest_route=\/wp\/v2\/users\/41"}],"replies":[{"embeddable":true,"href":"https:\/\/archive.sana.sy\/tr\/index.php?rest_route=%2Fwp%2Fv2%2Fcomments&post=304487"}],"version-history":[{"count":3,"href":"https:\/\/archive.sana.sy\/tr\/index.php?rest_route=\/wp\/v2\/posts\/304487\/revisions"}],"predecessor-version":[{"id":304491,"href":"https:\/\/archive.sana.sy\/tr\/index.php?rest_route=\/wp\/v2\/posts\/304487\/revisions\/304491"}],"wp:featuredmedia":[{"embeddable":true,"href":"https:\/\/archive.sana.sy\/tr\/index.php?rest_route=\/wp\/v2\/media\/304488"}],"wp:attachment":[{"href":"https:\/\/archive.sana.sy\/tr\/index.php?rest_route=%2Fwp%2Fv2%2Fmedia&parent=304487"}],"wp:term":[{"taxonomy":"category","embeddable":true,"href":"https:\/\/archive.sana.sy\/tr\/index.php?rest_route=%2Fwp%2Fv2%2Fcategories&post=304487"},{"taxonomy":"post_tag","embeddable":true,"href":"https:\/\/archive.sana.sy\/tr\/index.php?rest_route=%2Fwp%2Fv2%2Ftags&post=304487"}],"curies":[{"name":"wp","href":"https:\/\/api.w.org\/{rel}","templated":true}]}}