{"id":304492,"date":"2024-07-05T19:13:33","date_gmt":"2024-07-05T16:13:33","guid":{"rendered":"https:\/\/sana.sy\/tr\/?p=304492"},"modified":"2024-07-07T08:55:37","modified_gmt":"2024-07-07T05:55:37","slug":"suriye-arap-cumhuriyeti-cumhurbaskanligi-danisman-luna-el-siblin-vefat-ettigini-duyurdu","status":"publish","type":"post","link":"https:\/\/archive.sana.sy\/tr\/?p=304492","title":{"rendered":"Suriye Arap Cumhuriyeti Cumhurba\u015fkanl\u0131\u011f\u0131, Dan\u0131\u015fman Luna El \u015eibl&#8217;in Vefat Etti\u011fini Duyurdu"},"content":{"rendered":"<p><strong>\u015eAM (SANA) \u2013<\/strong> Suriye Arap Cumhuriyeti Cumhurba\u015fkanl\u0131\u011f\u0131, bug\u00fcn dan\u0131\u015fman Luna El \u015eibl&#8217;in ge\u00e7irdi\u011fi trafik kazas\u0131 sonucu vefat etti\u011fini duyurdu.<\/p>\n<p>Luna El \u015eibl, ge\u00e7ti\u011fimiz y\u0131llarda Cumhurba\u015fkanl\u0131\u011f\u0131 Siyasi ve Medya Dairesi M\u00fcd\u00fcr\u00fc, ard\u0131ndan Cumhurba\u015fkanl\u0131\u011f\u0131 \u00d6zel Dan\u0131\u015fman\u0131 olarak g\u00f6rev yapt\u0131.<\/p>\n<p>Cumhurba\u015fkanl\u0131\u011f\u0131, merhumun ailesi ve yak\u0131nlar\u0131na ba\u015fsa\u011fl\u0131\u011f\u0131 ve sab\u0131r diledi.<\/p>\n<p>Cumhurba\u015fkanl\u0131\u011f\u0131 Siyasi ve Medya Dairesi bu ay\u0131n 2&#8217;sinde SANA&#8217;ya Cumhurba\u015fkanl\u0131\u011f\u0131 \u00d6zel Dan\u0131\u015fman\u0131 Luna El \u015eibl&#8217;in \u015eam \u015fehrine giden yollardan birinde trafik kazas\u0131 ge\u00e7irdi\u011fini a\u00e7\u0131klam\u0131\u015ft\u0131.<\/p>\n<p style=\"text-align: center;\"><strong><a href=\"https:\/\/t.me\/SuriyeArapHaberAjansI\">Telegram Kanal\u0131m\u0131z\u00a0<\/a>||<a href=\"https:\/\/twitter.com\/arap_ajans\">X Platformumuz\u00a0<\/a>||<a href=\"https:\/\/www.facebook.com\/SANAHaberAjansi\/\">Facebook Sayfam\u0131z<\/a><\/strong><\/p>\n","protected":false},"excerpt":{"rendered":"<p>\u015eAM (SANA) \u2013 Suriye Arap Cumhuriyeti Cumhurba\u015fkanl\u0131\u011f\u0131, bug\u00fcn dan\u0131\u015fman Luna El \u015eibl&#8217;in ge\u00e7irdi\u011fi trafik kazas\u0131 sonucu vefat etti\u011fini duyurdu. Luna El \u015eibl, ge\u00e7ti\u011fimiz y\u0131llarda Cumhurba\u015fkanl\u0131\u011f\u0131 Siyasi ve Medya Dairesi M\u00fcd\u00fcr\u00fc, ard\u0131ndan Cumhurba\u015fkanl\u0131\u011f\u0131 \u00d6zel Dan\u0131\u015fman\u0131 olarak g\u00f6rev yapt\u0131. Cumhurba\u015fkanl\u0131\u011f\u0131, merhumun ailesi ve yak\u0131nlar\u0131na ba\u015fsa\u011fl\u0131\u011f\u0131 ve sab\u0131r diledi. Cumhurba\u015fkanl\u0131\u011f\u0131 Siyasi ve Medya Dairesi bu ay\u0131n 2&#8217;sinde SANA&#8217;ya &hellip;<\/p>\n","protected":false},"author":41,"featured_media":304493,"comment_status":"closed","ping_status":"closed","sticky":false,"template":"","format":"standard","meta":{"footnotes":""},"categories":[479,17988,478],"tags":[41875,41876],"class_list":["post-304492","post","type-post","status-publish","format-standard","has-post-thumbnail","","category-haberler-yerel","category-son-haberler","category-yerel","tag-luna-el-sibl-kimdir","tag-luna-el-sibl-vefat-etti"],"_links":{"self":[{"href":"https:\/\/archive.sana.sy\/tr\/index.php?rest_route=\/wp\/v2\/posts\/304492","targetHints":{"allow":["GET"]}}],"collection":[{"href":"https:\/\/archive.sana.sy\/tr\/index.php?rest_route=\/wp\/v2\/posts"}],"about":[{"href":"https:\/\/archive.sana.sy\/tr\/index.php?rest_route=\/wp\/v2\/types\/post"}],"author":[{"embeddable":true,"href":"https:\/\/archive.sana.sy\/tr\/index.php?rest_route=\/wp\/v2\/users\/41"}],"replies":[{"embeddable":true,"href":"https:\/\/archive.sana.sy\/tr\/index.php?rest_route=%2Fwp%2Fv2%2Fcomments&post=304492"}],"version-history":[{"count":1,"href":"https:\/\/archive.sana.sy\/tr\/index.php?rest_route=\/wp\/v2\/posts\/304492\/revisions"}],"predecessor-version":[{"id":304494,"href":"https:\/\/archive.sana.sy\/tr\/index.php?rest_route=\/wp\/v2\/posts\/304492\/revisions\/304494"}],"wp:featuredmedia":[{"embeddable":true,"href":"https:\/\/archive.sana.sy\/tr\/index.php?rest_route=\/wp\/v2\/media\/304493"}],"wp:attachment":[{"href":"https:\/\/archive.sana.sy\/tr\/index.php?rest_route=%2Fwp%2Fv2%2Fmedia&parent=304492"}],"wp:term":[{"taxonomy":"category","embeddable":true,"href":"https:\/\/archive.sana.sy\/tr\/index.php?rest_route=%2Fwp%2Fv2%2Fcategories&post=304492"},{"taxonomy":"post_tag","embeddable":true,"href":"https:\/\/archive.sana.sy\/tr\/index.php?rest_route=%2Fwp%2Fv2%2Ftags&post=304492"}],"curies":[{"name":"wp","href":"https:\/\/api.w.org\/{rel}","templated":true}]}}