{"id":304495,"date":"2024-07-06T10:32:43","date_gmt":"2024-07-06T07:32:43","guid":{"rendered":"https:\/\/sana.sy\/tr\/?p=304495"},"modified":"2024-07-07T08:55:41","modified_gmt":"2024-07-07T05:55:41","slug":"iran-cumhurbaskani-mesud-pezeskian-ulkemizin-ilerlemesi-icin-herkese-dostluk-elini-uzatiyoruz","status":"publish","type":"post","link":"https:\/\/archive.sana.sy\/tr\/?p=304495","title":{"rendered":"\u0130ran Cumhurba\u015fkan\u0131 Mesud Peze\u015fkiyan: \u00dclkemizin \u0130lerlemesi \u0130\u00e7in Herkese Dostluk Elini Uzat\u0131yoruz"},"content":{"rendered":"<p style=\"text-align: justify;\"><strong>TAHRAN (SANA) \u2013 <\/strong>\u0130ran&#8217;da d\u00fcn yap\u0131lan cumhurba\u015fkanl\u0131\u011f\u0131 se\u00e7imlerinin ikinci turunu Mesud Peze\u015fkiyan kazand\u0131.<\/p>\n<p style=\"text-align: justify;\">\u0130ran Se\u00e7im Komisyonu s\u00f6zc\u00fcs\u00fc M\u00fchsen \u0130slami, \u0130ran cumhurba\u015fkanl\u0131\u011f\u0131 se\u00e7imlerinin 14. oturumunda yap\u0131lan ikinci tur sonu\u00e7lar\u0131n\u0131n sekizinci ve son say\u0131m\u0131n\u0131n, Mesud Peze\u015fkiyan&#8217;\u0131n 16 milyon 384 bin 403 oy ald\u0131\u011f\u0131n\u0131 g\u00f6sterdi\u011fini belirtirken, Said Celili\u00a0 ise yurt i\u00e7i ve yurt d\u0131\u015f\u0131ndaki sand\u0131klarda 30 milyon 530 bin 157 oy sayd\u0131ktan sonra 13 milyon 538 bin 179 oy ald\u0131\u011f\u0131na i\u015faret etti.<\/p>\n<p style=\"text-align: justify;\">\u0130slami ayr\u0131ca, cumhurba\u015fkanl\u0131\u011f\u0131 se\u00e7imlerinin ikinci turuna kat\u0131l\u0131m oran\u0131n\u0131n y\u00fczde 49,8&#8217;e ula\u015ft\u0131\u011f\u0131n\u0131 a\u00e7\u0131klad\u0131.<\/p>\n<p style=\"text-align: justify;\">\u0130ran \u0130\u00e7i\u015fleri Bakan\u0131 Ahmed Vahidi ise Mesut Peze\u015fkian&#8217;\u0131n 14&#8217;\u00fcnc\u00fc ba\u015fkanl\u0131k oturumunda \u0130ran halk\u0131n\u0131n se\u00e7ti\u011fi dokuzuncu cumhurba\u015fkan\u0131 oldu\u011funu a\u00e7\u0131klad\u0131.<\/p>\n<p style=\"text-align: justify;\">\u0130ran&#8217;\u0131n se\u00e7ilmi\u015f cumhurba\u015fkan\u0131 Mesud Peze\u015fkiyan, zaferini a\u00e7\u0131klamas\u0131n\u0131n hemen ard\u0131ndan yapt\u0131\u011f\u0131 ilk a\u00e7\u0131klamada, &#8220;\u00dclkenin ilerlemesi i\u00e7in herkese dostluk elini uzataca\u011f\u0131z ve hepimiz \u0130ran&#8217;\u0131n evlatlar\u0131y\u0131z ve onun ilerlemesi i\u00e7in \u00e7al\u0131\u015fmal\u0131y\u0131z\u201d diyerek, se\u00e7menlerine ve destek\u00e7ilerinin emeklerine te\u015fekk\u00fcr ederek, hi\u00e7bir parti veya kurulu\u015f taraf\u0131ndan desteklenmedi\u011fini, kendisini se\u00e7enin halk oldu\u011funa dikkat \u00e7ekti.<\/p>\n<p style=\"text-align: justify;\">Said Celili ise \u0130ran cumhurba\u015fkanl\u0131\u011f\u0131 se\u00e7im sonu\u00e7lar\u0131n\u0131n a\u00e7\u0131klanmas\u0131n\u0131n ard\u0131ndan yapt\u0131\u011f\u0131 a\u00e7\u0131klamada, se\u00e7im sonu\u00e7lar\u0131na duydu\u011fu sayg\u0131y\u0131 dile getirerek, &#8220;\u0130ran halk\u0131n\u0131n se\u00e7ti\u011fi ki\u015fiye sayg\u0131 duymal\u0131 ve onun g\u00fc\u00e7l\u00fc bir \u015fekilde ilerlemesine yard\u0131mc\u0131 olmak i\u00e7in t\u00fcm g\u00fc\u00e7lerimizi kullanmal\u0131y\u0131z&#8221; diyerek, \u201cHepimiz \u0130ran&#8217;\u0131n tamam\u0131 i\u00e7in \u00e7al\u0131\u015fmal\u0131y\u0131z\u201d diye ekledi.<\/p>\n<p style=\"text-align: center;\"><strong><a href=\"https:\/\/t.me\/SuriyeArapHaberAjansI\">Telegram Kanal\u0131m\u0131z\u00a0<\/a>||<a href=\"https:\/\/twitter.com\/arap_ajans\">X Platformumuz\u00a0<\/a>||<a href=\"https:\/\/www.facebook.com\/SANAHaberAjansi\/\">Facebook Sayfam\u0131z<\/a><\/strong><\/p>\n","protected":false},"excerpt":{"rendered":"<p>TAHRAN (SANA) \u2013 \u0130ran&#8217;da d\u00fcn yap\u0131lan cumhurba\u015fkanl\u0131\u011f\u0131 se\u00e7imlerinin ikinci turunu Mesud Peze\u015fkiyan kazand\u0131. \u0130ran Se\u00e7im Komisyonu s\u00f6zc\u00fcs\u00fc M\u00fchsen \u0130slami, \u0130ran cumhurba\u015fkanl\u0131\u011f\u0131 se\u00e7imlerinin 14. oturumunda yap\u0131lan ikinci tur sonu\u00e7lar\u0131n\u0131n sekizinci ve son say\u0131m\u0131n\u0131n, Mesud Peze\u015fkiyan&#8217;\u0131n 16 milyon 384 bin 403 oy ald\u0131\u011f\u0131n\u0131 g\u00f6sterdi\u011fini belirtirken, Said Celili\u00a0 ise yurt i\u00e7i ve yurt d\u0131\u015f\u0131ndaki sand\u0131klarda 30 milyon 530 &hellip;<\/p>\n","protected":false},"author":36,"featured_media":304496,"comment_status":"closed","ping_status":"closed","sticky":false,"template":"","format":"standard","meta":{"footnotes":""},"categories":[458,459,17988],"tags":[41882],"class_list":["post-304495","post","type-post","status-publish","format-standard","has-post-thumbnail","","category-dunya1","category-haberler-arap-uluslararasi-politika","category-son-haberler","tag-yeni-iran-cumhurbaskani-mesud-pezeskiyan"],"_links":{"self":[{"href":"https:\/\/archive.sana.sy\/tr\/index.php?rest_route=\/wp\/v2\/posts\/304495","targetHints":{"allow":["GET"]}}],"collection":[{"href":"https:\/\/archive.sana.sy\/tr\/index.php?rest_route=\/wp\/v2\/posts"}],"about":[{"href":"https:\/\/archive.sana.sy\/tr\/index.php?rest_route=\/wp\/v2\/types\/post"}],"author":[{"embeddable":true,"href":"https:\/\/archive.sana.sy\/tr\/index.php?rest_route=\/wp\/v2\/users\/36"}],"replies":[{"embeddable":true,"href":"https:\/\/archive.sana.sy\/tr\/index.php?rest_route=%2Fwp%2Fv2%2Fcomments&post=304495"}],"version-history":[{"count":3,"href":"https:\/\/archive.sana.sy\/tr\/index.php?rest_route=\/wp\/v2\/posts\/304495\/revisions"}],"predecessor-version":[{"id":304532,"href":"https:\/\/archive.sana.sy\/tr\/index.php?rest_route=\/wp\/v2\/posts\/304495\/revisions\/304532"}],"wp:featuredmedia":[{"embeddable":true,"href":"https:\/\/archive.sana.sy\/tr\/index.php?rest_route=\/wp\/v2\/media\/304496"}],"wp:attachment":[{"href":"https:\/\/archive.sana.sy\/tr\/index.php?rest_route=%2Fwp%2Fv2%2Fmedia&parent=304495"}],"wp:term":[{"taxonomy":"category","embeddable":true,"href":"https:\/\/archive.sana.sy\/tr\/index.php?rest_route=%2Fwp%2Fv2%2Fcategories&post=304495"},{"taxonomy":"post_tag","embeddable":true,"href":"https:\/\/archive.sana.sy\/tr\/index.php?rest_route=%2Fwp%2Fv2%2Ftags&post=304495"}],"curies":[{"name":"wp","href":"https:\/\/api.w.org\/{rel}","templated":true}]}}