{"id":304504,"date":"2024-07-06T12:27:30","date_gmt":"2024-07-06T09:27:30","guid":{"rendered":"https:\/\/sana.sy\/tr\/?p=304504"},"modified":"2024-07-09T08:03:45","modified_gmt":"2024-07-09T05:03:45","slug":"cumhurbaskani-esad-30-haziran-devriminin-yildonumunde-cumhurbaskani-el-sisiyi-tebrik-etti","status":"publish","type":"post","link":"https:\/\/archive.sana.sy\/tr\/?p=304504","title":{"rendered":"Cumhurba\u015fkan\u0131 Esad, 30 Haziran Devrimi&#8217;nin Y\u0131ld\u00f6n\u00fcm\u00fcnde Cumhurba\u015fkan\u0131 El Sisi&#8217;yi Tebrik Etti"},"content":{"rendered":"<p style=\"text-align: justify;\"><strong>\u015eAM (SANA) \u2013 <\/strong>Cumhurba\u015fkan\u0131 Be\u015f\u015far Esad, M\u0131s\u0131r Cumhurba\u015fkan\u0131 Abd\u00fclfattah El Sisi&#8217;yi telefonla arayarak, M\u0131s\u0131r halk\u0131n\u0131n a\u015f\u0131r\u0131c\u0131l\u0131\u011fa kar\u015f\u0131 zafer kazand\u0131\u011f\u0131 30 Haziran devriminin y\u0131ld\u00f6n\u00fcm\u00fcn\u00fc kutlad\u0131.<\/p>\n<p style=\"text-align: justify;\">Cumhurba\u015fkan\u0131 Esad, 30 Haziran Devrimi&#8217;nin M\u0131s\u0131r&#8217;\u0131, M\u0131s\u0131r halk\u0131n\u0131n k\u00fclt\u00fcr\u00fcn\u00fc, de\u011ferlerini ve kavramlar\u0131n\u0131 ifade eden do\u011fal yerine d\u00f6nd\u00fcrd\u00fc\u011f\u00fcn\u00fc belirtirken, b\u00f6lgenin kendisine kurulan a\u015f\u0131r\u0131c\u0131l\u0131k tuza\u011f\u0131na d\u00fc\u015fm\u00fc\u015f olmas\u0131 durumunda bu b\u00f6lgenin yeniden toparlanmas\u0131n\u0131n zor olaca\u011f\u0131, Suriye ve M\u0131s\u0131r halklar\u0131n\u0131n a\u015f\u0131r\u0131l\u0131k\u00e7\u0131l\u0131\u011fa kar\u015f\u0131 s\u00fcrekli duru\u015funun b\u00f6lge \u00fclkelerinin ve halklar\u0131n\u0131n korunmas\u0131na katk\u0131 sa\u011flad\u0131\u011f\u0131 d\u00fc\u015f\u00fcnd\u00fc\u011f\u00fcne i\u015faret etti.<\/p>\n<p style=\"text-align: justify;\">Cumhurba\u015fkanlar\u0131 Esad ve El Sisi, Hicri Yeni Y\u0131l\u0131 m\u00fcnasebetiyle tebrik ederek b\u00f6lge ve d\u00fcnya halklar\u0131na bar\u0131\u015f ve g\u00fcvenlik dileklerinde bulundu.<\/p>\n<p style=\"text-align: center;\"><strong><a href=\"https:\/\/t.me\/SuriyeArapHaberAjansI\">Telegram Kanal\u0131m\u0131z\u00a0<\/a>||<a href=\"https:\/\/twitter.com\/arap_ajans\">X Platformumuz\u00a0<\/a>||<a href=\"https:\/\/www.facebook.com\/SANAHaberAjansi\/\">Facebook Sayfam\u0131z<\/a><\/strong><\/p>\n","protected":false},"excerpt":{"rendered":"<p>\u015eAM (SANA) \u2013 Cumhurba\u015fkan\u0131 Be\u015f\u015far Esad, M\u0131s\u0131r Cumhurba\u015fkan\u0131 Abd\u00fclfattah El Sisi&#8217;yi telefonla arayarak, M\u0131s\u0131r halk\u0131n\u0131n a\u015f\u0131r\u0131c\u0131l\u0131\u011fa kar\u015f\u0131 zafer kazand\u0131\u011f\u0131 30 Haziran devriminin y\u0131ld\u00f6n\u00fcm\u00fcn\u00fc kutlad\u0131. Cumhurba\u015fkan\u0131 Esad, 30 Haziran Devrimi&#8217;nin M\u0131s\u0131r&#8217;\u0131, M\u0131s\u0131r halk\u0131n\u0131n k\u00fclt\u00fcr\u00fcn\u00fc, de\u011ferlerini ve kavramlar\u0131n\u0131 ifade eden do\u011fal yerine d\u00f6nd\u00fcrd\u00fc\u011f\u00fcn\u00fc belirtirken, b\u00f6lgenin kendisine kurulan a\u015f\u0131r\u0131c\u0131l\u0131k tuza\u011f\u0131na d\u00fc\u015fm\u00fc\u015f olmas\u0131 durumunda bu b\u00f6lgenin yeniden toparlanmas\u0131n\u0131n zor &hellip;<\/p>\n","protected":false},"author":36,"featured_media":304505,"comment_status":"closed","ping_status":"closed","sticky":false,"template":"","format":"standard","meta":{"footnotes":""},"categories":[606,605,17988],"tags":[41877,38219,25091,41878],"class_list":["post-304504","post","type-post","status-publish","format-standard","has-post-thumbnail","","category-cumhurbaskani","category-sayin-cumhurbaskani","category-son-haberler","tag-30-haziran-devriminin-yildonumunde-cumhurbaskani-el-sisiyi-tebrik-etti","tag-cumhurbaskani-esad","tag-suriye-ve-misir","tag-suriye-ve-misirin-iliskileri"],"_links":{"self":[{"href":"https:\/\/archive.sana.sy\/tr\/index.php?rest_route=\/wp\/v2\/posts\/304504","targetHints":{"allow":["GET"]}}],"collection":[{"href":"https:\/\/archive.sana.sy\/tr\/index.php?rest_route=\/wp\/v2\/posts"}],"about":[{"href":"https:\/\/archive.sana.sy\/tr\/index.php?rest_route=\/wp\/v2\/types\/post"}],"author":[{"embeddable":true,"href":"https:\/\/archive.sana.sy\/tr\/index.php?rest_route=\/wp\/v2\/users\/36"}],"replies":[{"embeddable":true,"href":"https:\/\/archive.sana.sy\/tr\/index.php?rest_route=%2Fwp%2Fv2%2Fcomments&post=304504"}],"version-history":[{"count":3,"href":"https:\/\/archive.sana.sy\/tr\/index.php?rest_route=\/wp\/v2\/posts\/304504\/revisions"}],"predecessor-version":[{"id":304508,"href":"https:\/\/archive.sana.sy\/tr\/index.php?rest_route=\/wp\/v2\/posts\/304504\/revisions\/304508"}],"wp:featuredmedia":[{"embeddable":true,"href":"https:\/\/archive.sana.sy\/tr\/index.php?rest_route=\/wp\/v2\/media\/304505"}],"wp:attachment":[{"href":"https:\/\/archive.sana.sy\/tr\/index.php?rest_route=%2Fwp%2Fv2%2Fmedia&parent=304504"}],"wp:term":[{"taxonomy":"category","embeddable":true,"href":"https:\/\/archive.sana.sy\/tr\/index.php?rest_route=%2Fwp%2Fv2%2Fcategories&post=304504"},{"taxonomy":"post_tag","embeddable":true,"href":"https:\/\/archive.sana.sy\/tr\/index.php?rest_route=%2Fwp%2Fv2%2Ftags&post=304504"}],"curies":[{"name":"wp","href":"https:\/\/api.w.org\/{rel}","templated":true}]}}