{"id":304513,"date":"2024-07-06T15:22:25","date_gmt":"2024-07-06T12:22:25","guid":{"rendered":"https:\/\/sana.sy\/tr\/?p=304513"},"modified":"2024-07-09T08:03:47","modified_gmt":"2024-07-09T05:03:47","slug":"israilin-gazze-seridine-yonelik-saldirganliginin-274uncu-gununde-29-sehit","status":"publish","type":"post","link":"https:\/\/archive.sana.sy\/tr\/?p=304513","title":{"rendered":"\u0130srail&#8217;in Gazze \u015eeridi&#8217;ne Y\u00f6nelik Sald\u0131rganl\u0131\u011f\u0131n\u0131n 274&#8217;\u00fcnc\u00fc G\u00fcn\u00fcnde 29 \u015eehit"},"content":{"rendered":"<p style=\"text-align: justify;\"><strong>\u0130\u015eGAL ED\u0130LEN KUD\u00dcS (SANA) &#8211;<\/strong>\u00a0 Filistin Sa\u011fl\u0131k Bakanl\u0131\u011f\u0131, i\u015fgalci \u0130srail&#8217;in Gazze \u015eeridi&#8217;nde son 24 saat i\u00e7inde \u00fc\u00e7 katliam ger\u00e7ekle\u015ftirdi\u011fini, 29 \u015fehit ve 100 yaral\u0131n\u0131n hastanelere ula\u015ft\u0131\u011f\u0131n\u0131 duyurdu.<\/p>\n<p style=\"text-align: justify;\">Bakanl\u0131k bug\u00fcn yapt\u0131\u011f\u0131 a\u00e7\u0131klamada,\u00a0 \u2018\u2019Ge\u00e7ti\u011fimiz Ekim ay\u0131n\u0131n 7&#8217;sinden bu yana \u0130srail&#8217;in Gazze \u015eeridi&#8217;ne y\u00f6nelik devam eden sald\u0131r\u0131lar\u0131n\u0131n kurbanlar\u0131n\u0131n say\u0131s\u0131 38.098 \u015fehit ve 87.705 yaral\u0131ya y\u00fckseldi. Bu arada \u00e7ok say\u0131da yaral\u0131 h\u00e2l\u00e2 enkaz alt\u0131nda ve yollarda, ambulans ve sivil savunma ekipleri ise onlara ula\u015fam\u0131yor\u2019\u2019 dedi.<\/p>\n<p style=\"text-align: justify;\">Gazze&#8217;de bir cenaze salonunun i\u015fgalci taraf\u0131ndan bombalanmas\u0131 sonucu 3 Filistinli \u015fehit oldu, onlarca ki\u015fi yaraland\u0131.<\/p>\n<p style=\"text-align: justify;\">\u0130srail&#8217;in Gazze \u015eeridi&#8217;ne y\u00f6nelik sald\u0131r\u0131lar\u0131n\u0131n ba\u015flad\u0131\u011f\u0131 7 Ekim&#8217;den bu yana \u015fehit olan Filistinli gazetecilerin say\u0131s\u0131 158 kad\u0131n ve erkek gazeteciye y\u00fckseldi.<\/p>\n<p style=\"text-align: center;\"><strong><a href=\"https:\/\/t.me\/SuriyeArapHaberAjansI\">Telegram Kanal\u0131m\u0131z\u00a0<\/a>||<a href=\"https:\/\/twitter.com\/arap_ajans\">X Platformumuz\u00a0<\/a>||<a href=\"https:\/\/www.facebook.com\/SANAHaberAjansi\/\">Facebook Sayfam\u0131z<\/a><\/strong><\/p>\n","protected":false},"excerpt":{"rendered":"<p>\u0130\u015eGAL ED\u0130LEN KUD\u00dcS (SANA) &#8211;\u00a0 Filistin Sa\u011fl\u0131k Bakanl\u0131\u011f\u0131, i\u015fgalci \u0130srail&#8217;in Gazze \u015eeridi&#8217;nde son 24 saat i\u00e7inde \u00fc\u00e7 katliam ger\u00e7ekle\u015ftirdi\u011fini, 29 \u015fehit ve 100 yaral\u0131n\u0131n hastanelere ula\u015ft\u0131\u011f\u0131n\u0131 duyurdu. Bakanl\u0131k bug\u00fcn yapt\u0131\u011f\u0131 a\u00e7\u0131klamada,\u00a0 \u2018\u2019Ge\u00e7ti\u011fimiz Ekim ay\u0131n\u0131n 7&#8217;sinden bu yana \u0130srail&#8217;in Gazze \u015eeridi&#8217;ne y\u00f6nelik devam eden sald\u0131r\u0131lar\u0131n\u0131n kurbanlar\u0131n\u0131n say\u0131s\u0131 38.098 \u015fehit ve 87.705 yaral\u0131ya y\u00fckseldi. Bu arada \u00e7ok &hellip;<\/p>\n","protected":false},"author":41,"featured_media":304514,"comment_status":"closed","ping_status":"closed","sticky":false,"template":"","format":"standard","meta":{"footnotes":""},"categories":[458,459,17988],"tags":[41879],"class_list":["post-304513","post","type-post","status-publish","format-standard","has-post-thumbnail","","category-dunya1","category-haberler-arap-uluslararasi-politika","category-son-haberler","tag-israilin-gazze-seridine-yonelik-saldirganliginin-274uncu-gununde-29-sehit"],"_links":{"self":[{"href":"https:\/\/archive.sana.sy\/tr\/index.php?rest_route=\/wp\/v2\/posts\/304513","targetHints":{"allow":["GET"]}}],"collection":[{"href":"https:\/\/archive.sana.sy\/tr\/index.php?rest_route=\/wp\/v2\/posts"}],"about":[{"href":"https:\/\/archive.sana.sy\/tr\/index.php?rest_route=\/wp\/v2\/types\/post"}],"author":[{"embeddable":true,"href":"https:\/\/archive.sana.sy\/tr\/index.php?rest_route=\/wp\/v2\/users\/41"}],"replies":[{"embeddable":true,"href":"https:\/\/archive.sana.sy\/tr\/index.php?rest_route=%2Fwp%2Fv2%2Fcomments&post=304513"}],"version-history":[{"count":1,"href":"https:\/\/archive.sana.sy\/tr\/index.php?rest_route=\/wp\/v2\/posts\/304513\/revisions"}],"predecessor-version":[{"id":304515,"href":"https:\/\/archive.sana.sy\/tr\/index.php?rest_route=\/wp\/v2\/posts\/304513\/revisions\/304515"}],"wp:featuredmedia":[{"embeddable":true,"href":"https:\/\/archive.sana.sy\/tr\/index.php?rest_route=\/wp\/v2\/media\/304514"}],"wp:attachment":[{"href":"https:\/\/archive.sana.sy\/tr\/index.php?rest_route=%2Fwp%2Fv2%2Fmedia&parent=304513"}],"wp:term":[{"taxonomy":"category","embeddable":true,"href":"https:\/\/archive.sana.sy\/tr\/index.php?rest_route=%2Fwp%2Fv2%2Fcategories&post=304513"},{"taxonomy":"post_tag","embeddable":true,"href":"https:\/\/archive.sana.sy\/tr\/index.php?rest_route=%2Fwp%2Fv2%2Ftags&post=304513"}],"curies":[{"name":"wp","href":"https:\/\/api.w.org\/{rel}","templated":true}]}}