{"id":304538,"date":"2024-07-07T09:04:34","date_gmt":"2024-07-07T06:04:34","guid":{"rendered":"https:\/\/sana.sy\/tr\/?p=304538"},"modified":"2024-07-08T10:43:05","modified_gmt":"2024-07-08T07:43:05","slug":"aksa-tufani-operasyonu-bugunun-en-one-cikan-gelismeleri-187","status":"publish","type":"post","link":"https:\/\/archive.sana.sy\/tr\/?p=304538","title":{"rendered":"Aksa Tufan\u0131 Operasyonu\u2026 Bug\u00fcn\u00fcn En \u00d6ne \u00c7\u0131kan Geli\u015fmeleri"},"content":{"rendered":"<p style=\"text-align: justify;\"><strong>\u0130\u015eGAL ED\u0130LEN KUD\u00dcS (SANA) \u2013<\/strong> Filistinli direni\u015finin i\u015fgalci \u0130srail&#8217;\u0131n sald\u0131rganl\u0131klar\u0131na yan\u0131t olarak 7 Ekim\u2019de ba\u015flatt\u0131\u011f\u0131 Aksa Tufan\u0131 Operasyonu\u2019nda \u00f6ne \u00e7\u0131kan geli\u015fmeler:<\/p>\n<ul>\n<li><a href=\"https:\/\/www.sana.sy\/tr\/?p=304560\">Arap Parlamentosu: Gazze&#8217;deki Okullar\u0131n Ve Bar\u0131nma Merkezlerinin Bombalanmas\u0131 \u0130mha Sava\u015f\u0131n\u0131n Devam\u0131d\u0131.<\/a><\/li>\n<li>Euro-Med: \u0130srail&#8217;in Gazze \u015eeridi&#8217;ndeki ge\u00e7i\u015fleri kapatmas\u0131, hasta ve yaral\u0131lar\u0131n toplu infaz\u0131d\u0131r.<\/li>\n<li style=\"text-align: justify;\">Filistin direni\u015fi, Gazze \u015eeridi&#8217;nin g\u00fcneyindeki Refah kap\u0131s\u0131nda konu\u015flanan \u0130srailli d\u00fc\u015fman askerlerini havan toplar\u0131yla hedef ald\u0131.<\/li>\n<li style=\"text-align: justify;\">Filistin medyas\u0131: \u0130srail&#8217;in Gazze \u015eeridi&#8217;nin g\u00fcneyinde, Refah \u015fehrinin merkezindeki \u015eabura kamp\u0131n\u0131 i\u015fgal etmesi sonucu 3 \u015fehit.<\/li>\n<li style=\"text-align: justify;\">Filistin direni\u015fi, Gazze&#8217;nin do\u011fusundaki Shujaiya mahallesini havan toplar\u0131yla, \u0130srail d\u00fc\u015fman askerleri ve ara\u00e7lar\u0131yla hedef ald\u0131.<\/li>\n<li style=\"text-align: justify;\">Filistin direni\u015fi, Gazze \u015eeridi&#8217;nin g\u00fcneyindeki Refah \u015fehrinin Tel El Sultan mahallesinde \u0130srail i\u015fgali alt\u0131ndaki Merkava tank\u0131n\u0131 \u201c\u015eavaz\u201d cihaz\u0131yla hedef ald\u0131.<\/li>\n<li style=\"text-align: justify;\"><a href=\"https:\/\/www.sana.sy\/tr\/?p=304546\">\u0130srail&#8217;in Gazze \u015eeridi&#8217;ne y\u00f6nelik sald\u0131rganl\u0131\u011f\u0131n\u0131n 275&#8217;inci g\u00fcn\u00fcnde 55 \u015fehit.<\/a><\/li>\n<li style=\"text-align: justify;\">Filistin Sa\u011fl\u0131k Bakanl\u0131\u011f\u0131: \u0130srail&#8217;in Gazze \u015eeridi&#8217;ne y\u00f6nelik 275&#8217;inci g\u00fcn\u00fcnde s\u00fcrd\u00fcrd\u00fc\u011f\u00fc i\u015fgal sald\u0131r\u0131s\u0131nda \u00f6lenlerin say\u0131s\u0131 38 bin 153 \u015fehit ve 87 bin 828 yaral\u0131ya y\u00fckseldi.<\/li>\n<li style=\"text-align: justify;\">Filistin Sa\u011fl\u0131k Bakanl\u0131\u011f\u0131: \u0130srail i\u015fgali son 24 saatte Gazze \u015eeridi&#8217;nde 3 katliam ger\u00e7ekle\u015ftirdi, 55 \u015fehit ve 123 ki\u015fi yaraland\u0131.<\/li>\n<li style=\"text-align: justify;\">\u0130srailli d\u00fc\u015fman, Gazze&#8217;de Filistin direni\u015fiyle ya\u015fanan \u00e7at\u0131\u015fmalar s\u0131ras\u0131nda arac\u0131n\u0131n bir tanksavar f\u00fczesi taraf\u0131ndan hedef al\u0131nmas\u0131n\u0131n ard\u0131ndan m\u00fchendislik birliklerindeki bir subay\u0131n \u00f6ld\u00fcr\u00fcld\u00fc\u011f\u00fcn\u00fc itiraf etti.<\/li>\n<li style=\"text-align: justify;\">Filistin medyas\u0131: \u0130srail&#8217;in Gazze \u015eehri&#8217;ndeki Al-Sabra mahallesini bombalamas\u0131 sonucu iki \u015fehit.<\/li>\n<li style=\"text-align: justify;\">Filistin medyas\u0131: \u0130srail i\u015fgalinin bug\u00fcn \u015fafak vaktinden bu yana Gazze \u015eeridi&#8217;nin \u00e7e\u015fitli b\u00f6lgelerini bombalamas\u0131nda 15 \u015fehit.<\/li>\n<li style=\"text-align: justify;\">Filistin direni\u015fi, Gazze \u015fehrinin do\u011fusundaki El \u015eucaiye mahallesinde \u0130srail i\u015fgali alt\u0131ndaki Merkava tank\u0131n\u0131 &#8220;Yasin 105&#8221; mermisiyle hedef ald\u0131.<\/li>\n<li style=\"text-align: justify;\">Sald\u0131r\u0131n\u0131n 275. g\u00fcn\u00fcnde i\u015fgalcilerin Gazze \u015eeridi&#8217;nin \u00e7e\u015fitli b\u00f6lgelerini bombalamas\u0131nda \u015fehit ve yaral\u0131lar oldu.<\/li>\n<li style=\"text-align: justify;\">Filistin medyas\u0131: \u0130srail&#8217;in Gazze \u015eeridi&#8217;nin merkezindeki El Zavayda kasabas\u0131ndaki bir evi i\u015fgal etmesi sonucu 6 \u015fehit.<\/li>\n<li style=\"text-align: justify;\">\u0130srail&#8217;in Gazze \u015eeridi&#8217;ne y\u00f6nelik devam eden sald\u0131rganl\u0131\u011f\u0131 sonucu 6 Filistinli \u015fehit ve yaraland\u0131.<\/li>\n<li>\n<p style=\"text-align: justify;\">Filistin medyas\u0131: \u0130srail i\u015fgalinin Gazze \u015fehrinin bat\u0131s\u0131ndaki El Mina mahallesinde bir evi bombalamas\u0131 sonucu 3 \u015fehit.<\/p>\n<\/li>\n<\/ul>\n<p style=\"text-align: center;\"><strong><a href=\"https:\/\/t.me\/SuriyeArapHaberAjansI\">Telegram Kanal\u0131m\u0131z\u00a0<\/a>||<a href=\"https:\/\/twitter.com\/arap_ajans\">X Platformumuz\u00a0<\/a>||<a href=\"https:\/\/www.facebook.com\/SANAHaberAjansi\/\">Facebook Sayfam\u0131z<\/a><\/strong><\/p>\n<p style=\"text-align: center;\">\n","protected":false},"excerpt":{"rendered":"<p>\u0130\u015eGAL ED\u0130LEN KUD\u00dcS (SANA) \u2013 Filistinli direni\u015finin i\u015fgalci \u0130srail&#8217;\u0131n sald\u0131rganl\u0131klar\u0131na yan\u0131t olarak 7 Ekim\u2019de ba\u015flatt\u0131\u011f\u0131 Aksa Tufan\u0131 Operasyonu\u2019nda \u00f6ne \u00e7\u0131kan geli\u015fmeler: Arap Parlamentosu: Gazze&#8217;deki Okullar\u0131n Ve Bar\u0131nma Merkezlerinin Bombalanmas\u0131 \u0130mha Sava\u015f\u0131n\u0131n Devam\u0131d\u0131. Euro-Med: \u0130srail&#8217;in Gazze \u015eeridi&#8217;ndeki ge\u00e7i\u015fleri kapatmas\u0131, hasta ve yaral\u0131lar\u0131n toplu infaz\u0131d\u0131r. Filistin direni\u015fi, Gazze \u015eeridi&#8217;nin g\u00fcneyindeki Refah kap\u0131s\u0131nda konu\u015flanan \u0130srailli d\u00fc\u015fman askerlerini havan &hellip;<\/p>\n","protected":false},"author":36,"featured_media":304539,"comment_status":"closed","ping_status":"closed","sticky":false,"template":"","format":"standard","meta":{"footnotes":""},"categories":[458,459,17988],"tags":[40319],"class_list":["post-304538","post","type-post","status-publish","format-standard","has-post-thumbnail","","category-dunya1","category-haberler-arap-uluslararasi-politika","category-son-haberler","tag-gazzede-son-gelimeler"],"_links":{"self":[{"href":"https:\/\/archive.sana.sy\/tr\/index.php?rest_route=\/wp\/v2\/posts\/304538","targetHints":{"allow":["GET"]}}],"collection":[{"href":"https:\/\/archive.sana.sy\/tr\/index.php?rest_route=\/wp\/v2\/posts"}],"about":[{"href":"https:\/\/archive.sana.sy\/tr\/index.php?rest_route=\/wp\/v2\/types\/post"}],"author":[{"embeddable":true,"href":"https:\/\/archive.sana.sy\/tr\/index.php?rest_route=\/wp\/v2\/users\/36"}],"replies":[{"embeddable":true,"href":"https:\/\/archive.sana.sy\/tr\/index.php?rest_route=%2Fwp%2Fv2%2Fcomments&post=304538"}],"version-history":[{"count":6,"href":"https:\/\/archive.sana.sy\/tr\/index.php?rest_route=\/wp\/v2\/posts\/304538\/revisions"}],"predecessor-version":[{"id":304574,"href":"https:\/\/archive.sana.sy\/tr\/index.php?rest_route=\/wp\/v2\/posts\/304538\/revisions\/304574"}],"wp:featuredmedia":[{"embeddable":true,"href":"https:\/\/archive.sana.sy\/tr\/index.php?rest_route=\/wp\/v2\/media\/304539"}],"wp:attachment":[{"href":"https:\/\/archive.sana.sy\/tr\/index.php?rest_route=%2Fwp%2Fv2%2Fmedia&parent=304538"}],"wp:term":[{"taxonomy":"category","embeddable":true,"href":"https:\/\/archive.sana.sy\/tr\/index.php?rest_route=%2Fwp%2Fv2%2Fcategories&post=304538"},{"taxonomy":"post_tag","embeddable":true,"href":"https:\/\/archive.sana.sy\/tr\/index.php?rest_route=%2Fwp%2Fv2%2Ftags&post=304538"}],"curies":[{"name":"wp","href":"https:\/\/api.w.org\/{rel}","templated":true}]}}