{"id":304543,"date":"2024-07-07T15:26:20","date_gmt":"2024-07-07T12:26:20","guid":{"rendered":"https:\/\/sana.sy\/tr\/?p=304543"},"modified":"2024-07-09T08:04:13","modified_gmt":"2024-07-09T05:04:13","slug":"florin-romanya-ile-suriye-arasindaki-iliskiler-stratejik-ve-guclu-dostluga-dayaniyor","status":"publish","type":"post","link":"https:\/\/archive.sana.sy\/tr\/?p=304543","title":{"rendered":"Florin: Romanya \u0130le Suriye Aras\u0131ndaki \u0130li\u015fkiler Stratejik Ve G\u00fc\u00e7l\u00fc Dostlu\u011fa Dayan\u0131yor"},"content":{"rendered":"<p style=\"text-align: justify;\"><strong>B\u00dcKRE\u015e (SANA)<\/strong> &#8211;\u00a0 Romanya Parlamentosu Suriye-Romanya Parlamentosu Dostluk Komitesi Ba\u015fkan\u0131 Milletvekili Pushkacu Florin, Suriye ile Romanya aras\u0131nda g\u00fc\u00e7l\u00fc dostluk ve kar\u015f\u0131l\u0131kl\u0131 sayg\u0131ya dayanan ili\u015fkinin derinli\u011fini do\u011frulad\u0131.<\/p>\n<p style=\"text-align: justify;\">Florin, Romanya&#8217;daki SANA muhabirine verdi\u011fi r\u00f6portajda \u015funlar\u0131 s\u00f6yledi: \u2018\u2019Suriye ile Romanya aras\u0131ndaki diplomatik ili\u015fkiler 1955 y\u0131l\u0131nda ba\u015flat\u0131ld\u0131 ve son elli y\u0131lda derinle\u015fip peki\u015ferek, iki \u00fclke aras\u0131nda ger\u00e7ek bir stratejik ortakl\u0131\u011f\u0131n ve m\u00fcreffeh i\u015fbirli\u011finin yolunu a\u00e7an, kar\u015f\u0131l\u0131kl\u0131 sayg\u0131ya dayal\u0131 g\u00fc\u00e7l\u00fc bir dostluk ili\u015fkisine d\u00f6n\u00fc\u015ft\u00fc.\u2019\u2019<\/p>\n<p style=\"text-align: justify;\">Florin ayr\u0131ca, Suriye&#8217;nin, k\u00fcresel ekonominin omurgas\u0131 olarak kabul edilen enerji altyap\u0131 a\u011flar\u0131n\u0131n belirlenmesine y\u00f6nelik umut verici umutlar\u0131 dikkate alan b\u00f6lgesel bir haritay\u0131 Romanya ile birlikte olu\u015fturan \u00fclkelerden biri oldu\u011funu a\u00e7\u0131klad\u0131.<\/p>\n<p style=\"text-align: justify;\">Florin \u015funlar\u0131 ekledi: \u2018\u2019\u0130ki \u00fclke aras\u0131ndaki ili\u015fkiler, \u00f6zellikle k\u00fclt\u00fcrel, sosyal, ekonomik ve e\u011fitim alanlar\u0131nda her zaman sa\u011flam olmu\u015ftur. \u0130ki \u00fclkenin ili\u015fkileri yeniden do\u011fru yola sokma kararl\u0131l\u0131\u011f\u0131 ba\u011flam\u0131nda 2007 y\u0131l\u0131nda yeni bir dinamizm kazanm\u0131\u015ft\u0131r.\u2019\u2019<\/p>\n<p style=\"text-align: justify;\">Romanya&#8217;da yakla\u015f\u0131k 10 bin vatanda\u015ftan olu\u015fan aktif bir Suriyeli toplulu\u011funun bulundu\u011funu, Suriye&#8217;de ise yakla\u015f\u0131k 4 bin vatanda\u015ftan olu\u015fan bir Rumen toplulu\u011funun bulundu\u011funu belirten Florin, \u2018\u2019 Romanya&#8217;da e\u011fitim g\u00f6ren bir\u00e7ok Suriyeli \u00f6\u011frencinin \u00fc\u00e7\u00fcnc\u00fc ku\u015faklara ula\u015fm\u0131\u015f ortak aileleri var ve Romanya onlar\u0131n ikinci \u00fclkesi haline geldi\u2019\u2019 diye devam etti.<\/p>\n<p style=\"text-align: justify;\">Florin, Romanya Cumhurba\u015fkan\u0131&#8217;n\u0131n 2008 y\u0131l\u0131nda Suriye&#8217;ye yapt\u0131\u011f\u0131 ziyaretin, iki \u00fclkeyi onlarca y\u0131ld\u0131r birbirine ba\u011flayan geleneksel ili\u015fkileri peki\u015ftirme ve i\u015fbirli\u011fi i\u00e7in yeni ufuklar a\u00e7ma y\u00f6n\u00fcnde bir ad\u0131m oldu\u011funu vurgularken de,\u00a0 \u2018\u2019Burada, \u00f6zellikle Orta Do\u011fu ve K\u00f6rfez b\u00f6lgesindeki Romen \u00fcr\u00fcnlerine a\u00e7\u0131lan bir kap\u0131 oldu\u011fundan, onunla en iyi ili\u015fkiler kurmakla ilgileniyoruz. Romanya ise Suriye \u00fcr\u00fcnlerinin Avrupa pazarlar\u0131na a\u00e7\u0131lan potansiyel bir kap\u0131s\u0131d\u0131r ve ortak ili\u015fkilerin ivmesini yeniden tesis etmek i\u00e7in gelece\u011fe b\u00fcy\u00fck umutla bakabiliriz\u2019\u2019 ifadelerini s\u00f6zlerine eklemi\u015ftir.<\/p>\n<p style=\"text-align: center;\"><strong><a href=\"https:\/\/t.me\/SuriyeArapHaberAjansI\">Telegram Kanal\u0131m\u0131z\u00a0<\/a>||<a href=\"https:\/\/twitter.com\/arap_ajans\">X Platformumuz\u00a0<\/a>||<a href=\"https:\/\/www.facebook.com\/SANAHaberAjansi\/\">Facebook Sayfam\u0131z<\/a><\/strong><\/p>\n","protected":false},"excerpt":{"rendered":"<p>B\u00dcKRE\u015e (SANA) &#8211;\u00a0 Romanya Parlamentosu Suriye-Romanya Parlamentosu Dostluk Komitesi Ba\u015fkan\u0131 Milletvekili Pushkacu Florin, Suriye ile Romanya aras\u0131nda g\u00fc\u00e7l\u00fc dostluk ve kar\u015f\u0131l\u0131kl\u0131 sayg\u0131ya dayanan ili\u015fkinin derinli\u011fini do\u011frulad\u0131. Florin, Romanya&#8217;daki SANA muhabirine verdi\u011fi r\u00f6portajda \u015funlar\u0131 s\u00f6yledi: \u2018\u2019Suriye ile Romanya aras\u0131ndaki diplomatik ili\u015fkiler 1955 y\u0131l\u0131nda ba\u015flat\u0131ld\u0131 ve son elli y\u0131lda derinle\u015fip peki\u015ferek, iki \u00fclke aras\u0131nda ger\u00e7ek bir stratejik &hellip;<\/p>\n","protected":false},"author":41,"featured_media":304544,"comment_status":"closed","ping_status":"closed","sticky":false,"template":"","format":"standard","meta":{"footnotes":""},"categories":[458,459,17988],"tags":[41883,41885],"class_list":["post-304543","post","type-post","status-publish","format-standard","has-post-thumbnail","","category-dunya1","category-haberler-arap-uluslararasi-politika","category-son-haberler","tag-florin-romanya-ile-suriye-arasindaki-iliskiler-stratejik-ve-guclu-dostluga-dayaniyor","tag-suriye-ve-romanya"],"_links":{"self":[{"href":"https:\/\/archive.sana.sy\/tr\/index.php?rest_route=\/wp\/v2\/posts\/304543","targetHints":{"allow":["GET"]}}],"collection":[{"href":"https:\/\/archive.sana.sy\/tr\/index.php?rest_route=\/wp\/v2\/posts"}],"about":[{"href":"https:\/\/archive.sana.sy\/tr\/index.php?rest_route=\/wp\/v2\/types\/post"}],"author":[{"embeddable":true,"href":"https:\/\/archive.sana.sy\/tr\/index.php?rest_route=\/wp\/v2\/users\/41"}],"replies":[{"embeddable":true,"href":"https:\/\/archive.sana.sy\/tr\/index.php?rest_route=%2Fwp%2Fv2%2Fcomments&post=304543"}],"version-history":[{"count":3,"href":"https:\/\/archive.sana.sy\/tr\/index.php?rest_route=\/wp\/v2\/posts\/304543\/revisions"}],"predecessor-version":[{"id":304565,"href":"https:\/\/archive.sana.sy\/tr\/index.php?rest_route=\/wp\/v2\/posts\/304543\/revisions\/304565"}],"wp:featuredmedia":[{"embeddable":true,"href":"https:\/\/archive.sana.sy\/tr\/index.php?rest_route=\/wp\/v2\/media\/304544"}],"wp:attachment":[{"href":"https:\/\/archive.sana.sy\/tr\/index.php?rest_route=%2Fwp%2Fv2%2Fmedia&parent=304543"}],"wp:term":[{"taxonomy":"category","embeddable":true,"href":"https:\/\/archive.sana.sy\/tr\/index.php?rest_route=%2Fwp%2Fv2%2Fcategories&post=304543"},{"taxonomy":"post_tag","embeddable":true,"href":"https:\/\/archive.sana.sy\/tr\/index.php?rest_route=%2Fwp%2Fv2%2Ftags&post=304543"}],"curies":[{"name":"wp","href":"https:\/\/api.w.org\/{rel}","templated":true}]}}