{"id":304546,"date":"2024-07-07T15:31:25","date_gmt":"2024-07-07T12:31:25","guid":{"rendered":"https:\/\/sana.sy\/tr\/?p=304546"},"modified":"2024-07-09T08:04:15","modified_gmt":"2024-07-09T05:04:15","slug":"israilin-gazze-seridine-yonelik-saldirganligin-275inci-gununde-55-sehit","status":"publish","type":"post","link":"https:\/\/archive.sana.sy\/tr\/?p=304546","title":{"rendered":"\u0130srail&#8217;in Gazze \u015eeridi&#8217;ne Y\u00f6nelik Sald\u0131rganl\u0131\u011f\u0131n\u0131n 275&#8217;inci G\u00fcn\u00fcnde 55 \u015eehit"},"content":{"rendered":"<p style=\"text-align: justify;\"><strong>\u0130\u015eGAL ED\u0130LEN KUD\u00dcS (SANA)<\/strong> &#8211;\u00a0 Filistin Sa\u011fl\u0131k Bakanl\u0131\u011f\u0131, \u0130\u015fgalci \u0130srail&#8217;in Gazze \u015eeridi&#8217;nde son 24 saatte \u00fc\u00e7 katliam ger\u00e7ekle\u015ftirdi\u011fini, hastanelerde 55 \u015fehit, 123 yaral\u0131n\u0131n bulundu\u011funu duyurdu.<\/p>\n<p style=\"text-align: justify;\">Bakanl\u0131k bug\u00fcn yapt\u0131\u011f\u0131 a\u00e7\u0131klamada,\u00a0 \u2018\u2019\u0130srail&#8217;in Gazze \u015eeridi&#8217;nde 7 Ekim&#8217;den bu yana devam eden sald\u0131r\u0131lar\u0131nda \u00f6lenlerin say\u0131s\u0131 38 bin 153 \u015fehit ve 87 bin 828 yaral\u0131ya y\u00fckseldi. Bu arada \u00e7ok say\u0131da ma\u011fdur enkaz alt\u0131nda ve yollarda kal\u0131rken, ambulans ve sivil savunma ekipleri onlara ula\u015fam\u0131yor\u2019\u2019 dedi.<\/p>\n<p style=\"text-align: justify;\">\u0130\u015fgalcilerin bug\u00fcn sabah saatlerinden itibaren Gazze \u015eeridi&#8217;nin \u00e7e\u015fitli b\u00f6lgelerini bombalamas\u0131 sonucu 15 Filistinli \u015fehit oldu, \u00e7ok say\u0131da ki\u015fi de yaraland\u0131.<\/p>\n<p style=\"text-align: center;\"><strong><a href=\"https:\/\/t.me\/SuriyeArapHaberAjansI\">Telegram Kanal\u0131m\u0131z\u00a0<\/a>||<a href=\"https:\/\/twitter.com\/arap_ajans\">X Platformumuz\u00a0<\/a>||<a href=\"https:\/\/www.facebook.com\/SANAHaberAjansi\/\">Facebook Sayfam\u0131z<\/a><\/strong><\/p>\n","protected":false},"excerpt":{"rendered":"<p>\u0130\u015eGAL ED\u0130LEN KUD\u00dcS (SANA) &#8211;\u00a0 Filistin Sa\u011fl\u0131k Bakanl\u0131\u011f\u0131, \u0130\u015fgalci \u0130srail&#8217;in Gazze \u015eeridi&#8217;nde son 24 saatte \u00fc\u00e7 katliam ger\u00e7ekle\u015ftirdi\u011fini, hastanelerde 55 \u015fehit, 123 yaral\u0131n\u0131n bulundu\u011funu duyurdu. Bakanl\u0131k bug\u00fcn yapt\u0131\u011f\u0131 a\u00e7\u0131klamada,\u00a0 \u2018\u2019\u0130srail&#8217;in Gazze \u015eeridi&#8217;nde 7 Ekim&#8217;den bu yana devam eden sald\u0131r\u0131lar\u0131nda \u00f6lenlerin say\u0131s\u0131 38 bin 153 \u015fehit ve 87 bin 828 yaral\u0131ya y\u00fckseldi. Bu arada \u00e7ok say\u0131da &hellip;<\/p>\n","protected":false},"author":41,"featured_media":304547,"comment_status":"closed","ping_status":"closed","sticky":false,"template":"","format":"standard","meta":{"footnotes":""},"categories":[458,459,17988],"tags":[41884],"class_list":["post-304546","post","type-post","status-publish","format-standard","has-post-thumbnail","","category-dunya1","category-haberler-arap-uluslararasi-politika","category-son-haberler","tag-israilin-gazze-seridine-yonelik-saldirganligin-275inci-gununde-55-sehit"],"_links":{"self":[{"href":"https:\/\/archive.sana.sy\/tr\/index.php?rest_route=\/wp\/v2\/posts\/304546","targetHints":{"allow":["GET"]}}],"collection":[{"href":"https:\/\/archive.sana.sy\/tr\/index.php?rest_route=\/wp\/v2\/posts"}],"about":[{"href":"https:\/\/archive.sana.sy\/tr\/index.php?rest_route=\/wp\/v2\/types\/post"}],"author":[{"embeddable":true,"href":"https:\/\/archive.sana.sy\/tr\/index.php?rest_route=\/wp\/v2\/users\/41"}],"replies":[{"embeddable":true,"href":"https:\/\/archive.sana.sy\/tr\/index.php?rest_route=%2Fwp%2Fv2%2Fcomments&post=304546"}],"version-history":[{"count":3,"href":"https:\/\/archive.sana.sy\/tr\/index.php?rest_route=\/wp\/v2\/posts\/304546\/revisions"}],"predecessor-version":[{"id":304573,"href":"https:\/\/archive.sana.sy\/tr\/index.php?rest_route=\/wp\/v2\/posts\/304546\/revisions\/304573"}],"wp:featuredmedia":[{"embeddable":true,"href":"https:\/\/archive.sana.sy\/tr\/index.php?rest_route=\/wp\/v2\/media\/304547"}],"wp:attachment":[{"href":"https:\/\/archive.sana.sy\/tr\/index.php?rest_route=%2Fwp%2Fv2%2Fmedia&parent=304546"}],"wp:term":[{"taxonomy":"category","embeddable":true,"href":"https:\/\/archive.sana.sy\/tr\/index.php?rest_route=%2Fwp%2Fv2%2Fcategories&post=304546"},{"taxonomy":"post_tag","embeddable":true,"href":"https:\/\/archive.sana.sy\/tr\/index.php?rest_route=%2Fwp%2Fv2%2Ftags&post=304546"}],"curies":[{"name":"wp","href":"https:\/\/api.w.org\/{rel}","templated":true}]}}