{"id":304550,"date":"2024-07-07T08:39:57","date_gmt":"2024-07-07T05:39:57","guid":{"rendered":"https:\/\/sana.sy\/tr\/?p=304550"},"modified":"2024-07-09T08:04:06","modified_gmt":"2024-07-09T05:04:06","slug":"iran-secilen-cumhurbaskaninin-goreve-baslama-toreni-guven-guven-mektubuniverilmesinin-ardindan-yapilacak","status":"publish","type":"post","link":"https:\/\/archive.sana.sy\/tr\/?p=304550","title":{"rendered":"\u0130ran: Se\u00e7ilen Cumhurba\u015fkan\u0131n\u0131n G\u00f6reve Ba\u015flama T\u00f6reni, G\u00fcven Mektubunun Verilmesinin Ard\u0131ndan Yap\u0131lacak"},"content":{"rendered":"<p style=\"text-align: justify;\"><strong>TAHRAN (SANA)<\/strong> &#8211; \u00a0\u0130ran Muhaf\u0131z Konseyi s\u00f6zc\u00fcs\u00fc Hadi Tahan Nazif, Cumhurba\u015fkan\u0131 se\u00e7ilen Mesud Peze\u015fkiyan&#8217;\u0131n g\u00f6reve ba\u015flama t\u00f6reninin g\u00fcven mektubunun verilmesinin ard\u0131ndan d\u00fczenlenece\u011fini duyurdu.<\/p>\n<p style=\"text-align: justify;\">Tahan Nazif bug\u00fcn \u0130ran televizyonuna verdi\u011fi r\u00f6portajda, &#8220;Cumhurba\u015fkanl\u0131\u011f\u0131 akreditasyon belgesi, se\u00e7imlerin ge\u00e7erlili\u011fi do\u011fruland\u0131ktan sonra Koruyucular Konseyi taraf\u0131ndan verilecek ve Konsey \u00fcyeleri taraf\u0131ndan imzalanarak Devrimin Y\u00fcce Lideri&#8217;ne g\u00f6nderilecek&#8221; diyerek, \u00a0&#8220;Cumhurba\u015fkanl\u0131\u011f\u0131 a\u00e7\u0131l\u0131\u015f t\u00f6reninin, tarihi Dini Liderlik Ofisi taraf\u0131ndan a\u00e7\u0131klanacak olan akreditasyon belgesinin verilmesinden sonra yap\u0131laca\u011f\u0131n\u0131&#8221; belirtti.<\/p>\n<p style=\"text-align: justify;\">Tahan Nazif ayr\u0131ca \u015funlar\u0131 ekledi: \u2018\u2019Kanuna g\u00f6re, cumhurba\u015fkan\u0131n\u0131n g\u00f6rev s\u00fcresi g\u00f6reve ba\u015flad\u0131\u011f\u0131 g\u00fcnden itibaren ba\u015flayacak ve d\u00f6rt y\u0131l s\u00fcrecek. Bir sonraki a\u015fama yemin etmek. Anayasan\u0131n 121. maddesi uyar\u0131nca cumhurba\u015fkan\u0131n\u0131n \u0130slami \u015eura Konseyine kat\u0131lmas\u0131 ve Koruyucular Konseyi \u00fcyeleri ve yarg\u0131 ba\u015fkan\u0131n\u0131n huzurunda yemin etmesi gerekiyor.\u2019\u2019<\/p>\n<p style=\"text-align: center;\"><strong><a href=\"https:\/\/t.me\/SuriyeArapHaberAjansI\">Telegram Kanal\u0131m\u0131z\u00a0<\/a>||<a href=\"https:\/\/twitter.com\/arap_ajans\">X Platformumuz\u00a0<\/a>||<a href=\"https:\/\/www.facebook.com\/SANAHaberAjansi\/\">Facebook Sayfam\u0131z<\/a><\/strong><\/p>\n","protected":false},"excerpt":{"rendered":"<p>TAHRAN (SANA) &#8211; \u00a0\u0130ran Muhaf\u0131z Konseyi s\u00f6zc\u00fcs\u00fc Hadi Tahan Nazif, Cumhurba\u015fkan\u0131 se\u00e7ilen Mesud Peze\u015fkiyan&#8217;\u0131n g\u00f6reve ba\u015flama t\u00f6reninin g\u00fcven mektubunun verilmesinin ard\u0131ndan d\u00fczenlenece\u011fini duyurdu. Tahan Nazif bug\u00fcn \u0130ran televizyonuna verdi\u011fi r\u00f6portajda, &#8220;Cumhurba\u015fkanl\u0131\u011f\u0131 akreditasyon belgesi, se\u00e7imlerin ge\u00e7erlili\u011fi do\u011fruland\u0131ktan sonra Koruyucular Konseyi taraf\u0131ndan verilecek ve Konsey \u00fcyeleri taraf\u0131ndan imzalanarak Devrimin Y\u00fcce Lideri&#8217;ne g\u00f6nderilecek&#8221; diyerek, \u00a0&#8220;Cumhurba\u015fkanl\u0131\u011f\u0131 a\u00e7\u0131l\u0131\u015f t\u00f6reninin, tarihi &hellip;<\/p>\n","protected":false},"author":41,"featured_media":304551,"comment_status":"closed","ping_status":"closed","sticky":false,"template":"","format":"standard","meta":{"footnotes":""},"categories":[458,459,17988],"tags":[41887,41886],"class_list":["post-304550","post","type-post","status-publish","format-standard","has-post-thumbnail","","category-dunya1","category-haberler-arap-uluslararasi-politika","category-son-haberler","tag-guven-mektubunun-verilmesinin-ardindan-yapilacak","tag-iran-secilen-cumhurbaskaninin-goreve-baslama-toreni"],"_links":{"self":[{"href":"https:\/\/archive.sana.sy\/tr\/index.php?rest_route=\/wp\/v2\/posts\/304550","targetHints":{"allow":["GET"]}}],"collection":[{"href":"https:\/\/archive.sana.sy\/tr\/index.php?rest_route=\/wp\/v2\/posts"}],"about":[{"href":"https:\/\/archive.sana.sy\/tr\/index.php?rest_route=\/wp\/v2\/types\/post"}],"author":[{"embeddable":true,"href":"https:\/\/archive.sana.sy\/tr\/index.php?rest_route=\/wp\/v2\/users\/41"}],"replies":[{"embeddable":true,"href":"https:\/\/archive.sana.sy\/tr\/index.php?rest_route=%2Fwp%2Fv2%2Fcomments&post=304550"}],"version-history":[{"count":2,"href":"https:\/\/archive.sana.sy\/tr\/index.php?rest_route=\/wp\/v2\/posts\/304550\/revisions"}],"predecessor-version":[{"id":304556,"href":"https:\/\/archive.sana.sy\/tr\/index.php?rest_route=\/wp\/v2\/posts\/304550\/revisions\/304556"}],"wp:featuredmedia":[{"embeddable":true,"href":"https:\/\/archive.sana.sy\/tr\/index.php?rest_route=\/wp\/v2\/media\/304551"}],"wp:attachment":[{"href":"https:\/\/archive.sana.sy\/tr\/index.php?rest_route=%2Fwp%2Fv2%2Fmedia&parent=304550"}],"wp:term":[{"taxonomy":"category","embeddable":true,"href":"https:\/\/archive.sana.sy\/tr\/index.php?rest_route=%2Fwp%2Fv2%2Fcategories&post=304550"},{"taxonomy":"post_tag","embeddable":true,"href":"https:\/\/archive.sana.sy\/tr\/index.php?rest_route=%2Fwp%2Fv2%2Ftags&post=304550"}],"curies":[{"name":"wp","href":"https:\/\/api.w.org\/{rel}","templated":true}]}}