{"id":304557,"date":"2024-07-07T04:56:36","date_gmt":"2024-07-07T01:56:36","guid":{"rendered":"https:\/\/sana.sy\/tr\/?p=304557"},"modified":"2024-07-09T08:03:57","modified_gmt":"2024-07-09T05:03:57","slug":"lubnan-direnisi-uc-israil-dusman-bolgesini-hedef-aldi","status":"publish","type":"post","link":"https:\/\/archive.sana.sy\/tr\/?p=304557","title":{"rendered":"L\u00fcbnan Direni\u015fi \u00dc\u00e7 \u0130srail D\u00fc\u015fman B\u00f6lgesini Hedef Ald\u0131"},"content":{"rendered":"<p style=\"text-align: justify;\"><strong>BEYRUT (SANA) &#8211;<\/strong>\u00a0 Bu sabah L\u00fcbnan direni\u015fi, d\u00fc\u015fman \u0130srail&#8217;in Raheb sahas\u0131ndaki casus ekipmanlar\u0131n\u0131 hedef ald\u0131 ve do\u011frudan isabet elde etti.<\/p>\n<p style=\"text-align: justify;\">Direni\u015f taraf\u0131ndan yap\u0131lan a\u00e7\u0131klamada,\u00a0 \u2018\u2019Gazze \u015eeridi&#8217;ndeki kararl\u0131 Filistin halk\u0131m\u0131z\u0131 desteklemek ve onlar\u0131n cesur ve onurlu direni\u015fini desteklemek i\u00e7in direni\u015f sava\u015f\u00e7\u0131lar\u0131 bu sabah dokuza \u00e7eyrek kala Raheb b\u00f6lgesindeki casus ekipmanlar\u0131n\u0131 uygun silahlarla hedef ald\u0131lar ve do\u011frudan vurup yok ettiler\u2019\u2019 dedi.<\/p>\n<p style=\"text-align: justify;\">Direni\u015f, bir ba\u015fka a\u00e7\u0131klamas\u0131nda ise onlarca Katyu\u015fa roketiyle Tiberya&#8217;n\u0131n bat\u0131s\u0131ndaki &#8220;\u0130srail d\u00fc\u015fman\u0131n\u0131n kuzey b\u00f6lgesindeki ana \u00fcslerinden biri&#8221; olan Nimra \u00dcss\u00fc&#8217;n\u00fc hedef ald\u0131\u011f\u0131n\u0131 duyururken, \u2018\u2019 Bu, d\u00fc\u015fman\u0131n Bekaa b\u00f6lgesinde ger\u00e7ekle\u015ftirdi\u011fi sald\u0131r\u0131 ve suikasta tepkiydi\u2019\u2019 diye devam etti.<\/p>\n<p style=\"text-align: justify;\">Direni\u015f ayr\u0131ca Ba\u011fdadi&#8217;nin bulundu\u011fu b\u00f6lgedeki \u0130srailli d\u00fc\u015fman\u0131 da f\u00fcze silahlar\u0131yla hedef alarak onu do\u011frudan yaralad\u0131.<\/p>\n<p style=\"text-align: justify;\">D\u00fcn ak\u015fam L\u00fcbnan direni\u015fi, i\u015fgal alt\u0131ndaki Filistin&#8217;in kuzeyindeki Beyt Hillal&#8217;deki \u0130srail d\u00fc\u015fman top\u00e7u mevzisine yo\u011fun sald\u0131r\u0131 y\u00fcr\u00fcy\u00fc\u015fleriyle hava sald\u0131r\u0131s\u0131 d\u00fczenledi ve bu mevzi alev ald\u0131.<\/p>\n<p style=\"text-align: center;\"><strong><a href=\"https:\/\/t.me\/SuriyeArapHaberAjansI\">Telegram Kanal\u0131m\u0131z\u00a0<\/a>||<a href=\"https:\/\/twitter.com\/arap_ajans\">X Platformumuz\u00a0<\/a>||<a href=\"https:\/\/www.facebook.com\/SANAHaberAjansi\/\">Facebook Sayfam\u0131z<\/a><\/strong><\/p>\n","protected":false},"excerpt":{"rendered":"<p>BEYRUT (SANA) &#8211;\u00a0 Bu sabah L\u00fcbnan direni\u015fi, d\u00fc\u015fman \u0130srail&#8217;in Raheb sahas\u0131ndaki casus ekipmanlar\u0131n\u0131 hedef ald\u0131 ve do\u011frudan isabet elde etti. Direni\u015f taraf\u0131ndan yap\u0131lan a\u00e7\u0131klamada,\u00a0 \u2018\u2019Gazze \u015eeridi&#8217;ndeki kararl\u0131 Filistin halk\u0131m\u0131z\u0131 desteklemek ve onlar\u0131n cesur ve onurlu direni\u015fini desteklemek i\u00e7in direni\u015f sava\u015f\u00e7\u0131lar\u0131 bu sabah dokuza \u00e7eyrek kala Raheb b\u00f6lgesindeki casus ekipmanlar\u0131n\u0131 uygun silahlarla hedef ald\u0131lar ve do\u011frudan &hellip;<\/p>\n","protected":false},"author":41,"featured_media":304558,"comment_status":"closed","ping_status":"closed","sticky":false,"template":"","format":"standard","meta":{"footnotes":""},"categories":[458,459,17988],"tags":[],"class_list":["post-304557","post","type-post","status-publish","format-standard","has-post-thumbnail","","category-dunya1","category-haberler-arap-uluslararasi-politika","category-son-haberler"],"_links":{"self":[{"href":"https:\/\/archive.sana.sy\/tr\/index.php?rest_route=\/wp\/v2\/posts\/304557","targetHints":{"allow":["GET"]}}],"collection":[{"href":"https:\/\/archive.sana.sy\/tr\/index.php?rest_route=\/wp\/v2\/posts"}],"about":[{"href":"https:\/\/archive.sana.sy\/tr\/index.php?rest_route=\/wp\/v2\/types\/post"}],"author":[{"embeddable":true,"href":"https:\/\/archive.sana.sy\/tr\/index.php?rest_route=\/wp\/v2\/users\/41"}],"replies":[{"embeddable":true,"href":"https:\/\/archive.sana.sy\/tr\/index.php?rest_route=%2Fwp%2Fv2%2Fcomments&post=304557"}],"version-history":[{"count":1,"href":"https:\/\/archive.sana.sy\/tr\/index.php?rest_route=\/wp\/v2\/posts\/304557\/revisions"}],"predecessor-version":[{"id":304559,"href":"https:\/\/archive.sana.sy\/tr\/index.php?rest_route=\/wp\/v2\/posts\/304557\/revisions\/304559"}],"wp:featuredmedia":[{"embeddable":true,"href":"https:\/\/archive.sana.sy\/tr\/index.php?rest_route=\/wp\/v2\/media\/304558"}],"wp:attachment":[{"href":"https:\/\/archive.sana.sy\/tr\/index.php?rest_route=%2Fwp%2Fv2%2Fmedia&parent=304557"}],"wp:term":[{"taxonomy":"category","embeddable":true,"href":"https:\/\/archive.sana.sy\/tr\/index.php?rest_route=%2Fwp%2Fv2%2Fcategories&post=304557"},{"taxonomy":"post_tag","embeddable":true,"href":"https:\/\/archive.sana.sy\/tr\/index.php?rest_route=%2Fwp%2Fv2%2Ftags&post=304557"}],"curies":[{"name":"wp","href":"https:\/\/api.w.org\/{rel}","templated":true}]}}