{"id":304560,"date":"2024-07-07T04:06:10","date_gmt":"2024-07-07T01:06:10","guid":{"rendered":"https:\/\/sana.sy\/tr\/?p=304560"},"modified":"2024-07-09T08:03:55","modified_gmt":"2024-07-09T05:03:55","slug":"arap-parlamentosu-gazzedeki-okullarin-ve-barinma-merkezlerinin-bombalanmasi-imha-savasinin-devamidir","status":"publish","type":"post","link":"https:\/\/archive.sana.sy\/tr\/?p=304560","title":{"rendered":"Arap Parlamentosu: Gazze&#8217;deki Okullar\u0131n Ve Bar\u0131nma Merkezlerinin Bombalanmas\u0131 \u0130mha Sava\u015f\u0131n\u0131n Devam\u0131d\u0131r"},"content":{"rendered":"<p style=\"text-align: justify;\"><strong>\u0130\u015eGAL ED\u0130LEN KUD\u00dcS (SANA)<\/strong> &#8211;\u00a0 Arap Parlamentosu, \u0130srail i\u015fgalinin, Gazze \u015eeridi&#8217;nin merkezindeki Nuseyrat kamp\u0131nda yerinden edilmi\u015f binlerce ki\u015finin bar\u0131nd\u0131\u011f\u0131 bir UNRWA okulunu bombalamas\u0131n\u0131 ve bunun onlarca ki\u015finin \u00f6l\u00fcm\u00fc ve yaralanmas\u0131yla sonu\u00e7lanmas\u0131n\u0131 k\u0131nad\u0131.<\/p>\n<p style=\"text-align: justify;\">Arap Parlamentosu bug\u00fcn Wafa Ajans\u0131 taraf\u0131ndan bildirilen bir a\u00e7\u0131klamada \u015funlar\u0131 s\u00f6yledi: &#8220;\u0130\u015fgalin yerinden edilmi\u015f ki\u015filer i\u00e7in okullar\u0131 ve bar\u0131naklar\u0131 hedef almaya devam etmesi ve korkun\u00e7 katliamlar ger\u00e7ekle\u015ftirmesi, Filistin halk\u0131na y\u00f6nelik soyk\u0131r\u0131m ve etnik temizlik sava\u015f\u0131n\u0131n devam\u0131 ve t\u00fcm uluslararas\u0131 karar ve yasalara a\u00e7\u0131k bir meydan okumad\u0131r.&#8221;<\/p>\n<p style=\"text-align: justify;\">Arap Parlamentosu, uluslararas\u0131 topluma, G\u00fcvenlik Konseyi&#8217;ne ve aktif devletlere, soyk\u0131r\u0131m sava\u015f\u0131n\u0131 ve Filistinlilere kar\u015f\u0131 ger\u00e7ekle\u015ftirdi\u011fi vah\u015fi katliamlar\u0131 durdurmas\u0131 i\u00e7in i\u015fgale bask\u0131 yapma \u00e7a\u011fr\u0131s\u0131nda bulundu.<\/p>\n<p style=\"text-align: justify;\">Parlamento ayr\u0131ca, bu katliam ve su\u00e7lardan sorumlu olanlar\u0131n sava\u015f su\u00e7lusu olarak hesap vermesini ve Gazze \u015eeridi&#8217;ndeki k\u0131tl\u0131\u011f\u0131n ve trajik ko\u015fullar\u0131n azalt\u0131lmas\u0131 i\u00e7in Gazze \u015eeridi&#8217;ne insani ve t\u0131bbi yard\u0131m giri\u015finin h\u0131zla uygulanmas\u0131n\u0131 talep etti.<\/p>\n<p style=\"text-align: center;\"><strong><a href=\"https:\/\/t.me\/SuriyeArapHaberAjansI\">Telegram Kanal\u0131m\u0131z\u00a0<\/a>||<a href=\"https:\/\/twitter.com\/arap_ajans\">X Platformumuz\u00a0<\/a>||<a href=\"https:\/\/www.facebook.com\/SANAHaberAjansi\/\">Facebook Sayfam\u0131z<\/a><\/strong><\/p>\n","protected":false},"excerpt":{"rendered":"<p>\u0130\u015eGAL ED\u0130LEN KUD\u00dcS (SANA) &#8211;\u00a0 Arap Parlamentosu, \u0130srail i\u015fgalinin, Gazze \u015eeridi&#8217;nin merkezindeki Nuseyrat kamp\u0131nda yerinden edilmi\u015f binlerce ki\u015finin bar\u0131nd\u0131\u011f\u0131 bir UNRWA okulunu bombalamas\u0131n\u0131 ve bunun onlarca ki\u015finin \u00f6l\u00fcm\u00fc ve yaralanmas\u0131yla sonu\u00e7lanmas\u0131n\u0131 k\u0131nad\u0131. Arap Parlamentosu bug\u00fcn Wafa Ajans\u0131 taraf\u0131ndan bildirilen bir a\u00e7\u0131klamada \u015funlar\u0131 s\u00f6yledi: &#8220;\u0130\u015fgalin yerinden edilmi\u015f ki\u015filer i\u00e7in okullar\u0131 ve bar\u0131naklar\u0131 hedef almaya devam etmesi &hellip;<\/p>\n","protected":false},"author":41,"featured_media":304561,"comment_status":"closed","ping_status":"closed","sticky":false,"template":"","format":"standard","meta":{"footnotes":""},"categories":[458,459,17988],"tags":[41888],"class_list":["post-304560","post","type-post","status-publish","format-standard","has-post-thumbnail","","category-dunya1","category-haberler-arap-uluslararasi-politika","category-son-haberler","tag-arap-parlamentosu-gazzedeki-okullarin-ve-barinma-merkezlerinin-bombalanmasi-imha-savasinin-devamidir"],"_links":{"self":[{"href":"https:\/\/archive.sana.sy\/tr\/index.php?rest_route=\/wp\/v2\/posts\/304560","targetHints":{"allow":["GET"]}}],"collection":[{"href":"https:\/\/archive.sana.sy\/tr\/index.php?rest_route=\/wp\/v2\/posts"}],"about":[{"href":"https:\/\/archive.sana.sy\/tr\/index.php?rest_route=\/wp\/v2\/types\/post"}],"author":[{"embeddable":true,"href":"https:\/\/archive.sana.sy\/tr\/index.php?rest_route=\/wp\/v2\/users\/41"}],"replies":[{"embeddable":true,"href":"https:\/\/archive.sana.sy\/tr\/index.php?rest_route=%2Fwp%2Fv2%2Fcomments&post=304560"}],"version-history":[{"count":1,"href":"https:\/\/archive.sana.sy\/tr\/index.php?rest_route=\/wp\/v2\/posts\/304560\/revisions"}],"predecessor-version":[{"id":304562,"href":"https:\/\/archive.sana.sy\/tr\/index.php?rest_route=\/wp\/v2\/posts\/304560\/revisions\/304562"}],"wp:featuredmedia":[{"embeddable":true,"href":"https:\/\/archive.sana.sy\/tr\/index.php?rest_route=\/wp\/v2\/media\/304561"}],"wp:attachment":[{"href":"https:\/\/archive.sana.sy\/tr\/index.php?rest_route=%2Fwp%2Fv2%2Fmedia&parent=304560"}],"wp:term":[{"taxonomy":"category","embeddable":true,"href":"https:\/\/archive.sana.sy\/tr\/index.php?rest_route=%2Fwp%2Fv2%2Fcategories&post=304560"},{"taxonomy":"post_tag","embeddable":true,"href":"https:\/\/archive.sana.sy\/tr\/index.php?rest_route=%2Fwp%2Fv2%2Ftags&post=304560"}],"curies":[{"name":"wp","href":"https:\/\/api.w.org\/{rel}","templated":true}]}}