{"id":304566,"date":"2024-07-07T17:01:13","date_gmt":"2024-07-07T14:01:13","guid":{"rendered":"https:\/\/sana.sy\/tr\/?p=304566"},"modified":"2024-07-09T08:04:19","modified_gmt":"2024-07-09T05:04:19","slug":"laos-devlet-baskani-ulkesinin-suriye-ile-iliskileri-gelistirme-arzusunu-vurguladi","status":"publish","type":"post","link":"https:\/\/archive.sana.sy\/tr\/?p=304566","title":{"rendered":"Laos Devlet Ba\u015fkan\u0131, \u00dclkesinin Suriye \u0130le \u0130li\u015fkileri Geli\u015ftirme Arzusunu Vurgulad\u0131"},"content":{"rendered":"<p style=\"text-align: justify;\"><strong>V\u0130ENT\u0130ANE (SANA)<\/strong> &#8211; Laos Demokratik Halk Cumhuriyeti Ba\u015fkan\u0131 Thongloun Sisoulith, \u00fclkesinin Suriye ile <img loading=\"lazy\" decoding=\"async\" class=\"size-full wp-image-304567 alignright\" src=\"http:\/\/sana.sy\/tr\/wp-content\/uploads\/2024\/07\/photo_2024-07-07_15-59-25-300x200-1.jpg\" alt=\"\" width=\"300\" height=\"200\" \/>\u00e7e\u015fitli alanlardaki ili\u015fkilerini geli\u015ftirme arzusunu vurgulad\u0131.<\/p>\n<p style=\"text-align: justify;\">Ba\u015fkan Sisoulith, Muhammed Hasaneyin Haddam&#8217;\u0131n Laos Demokratik Halk Cumhuriyeti&#8217;nin yerle\u015fik olmayan Ola\u011fan\u00fcst\u00fc ve Tam Yetkili B\u00fcy\u00fckel\u00e7isi olarak g\u00fcven mektubunu kabul ederken, Say\u0131n Cumhurba\u015fkan\u0131 Be\u015f\u015far Esad&#8217;a selamlar\u0131n\u0131 iletti ve iki \u00fclke aras\u0131ndaki ili\u015fkileri her d\u00fczeyde g\u00fc\u00e7lendirme arzusunu vurgulad\u0131.<\/p>\n<p style=\"text-align: justify;\">Buna kar\u015f\u0131l\u0131k B\u00fcy\u00fckel\u00e7i Haddam, Cumhurba\u015fkan\u0131 Be\u015far Esad&#8217;\u0131n Ba\u015fkan Sisoulith&#8217;e selamlar\u0131n\u0131 ve dost Laos halk\u0131na ilerleme ve refah dileklerini iletirken, \u00a0Suriye&#8217;nin, iki dost \u00fclke ve halk\u0131n \u00e7\u0131karlar\u0131na olumlu yans\u0131yacak olan Do\u011fu Politikas\u0131 \u00e7er\u00e7evesinde ikili ili\u015fkileri geli\u015ftirme konusundaki isteklili\u011fini vurgulad\u0131.<\/p>\n<p style=\"text-align: center;\"><strong><a href=\"https:\/\/t.me\/SuriyeArapHaberAjansI\">Telegram Kanal\u0131m\u0131z\u00a0<\/a>||<a href=\"https:\/\/twitter.com\/arap_ajans\">X Platformumuz\u00a0<\/a>||<a href=\"https:\/\/www.facebook.com\/SANAHaberAjansi\/\">Facebook Sayfam\u0131z<\/a><\/strong><\/p>\n","protected":false},"excerpt":{"rendered":"<p>V\u0130ENT\u0130ANE (SANA) &#8211; Laos Demokratik Halk Cumhuriyeti Ba\u015fkan\u0131 Thongloun Sisoulith, \u00fclkesinin Suriye ile \u00e7e\u015fitli alanlardaki ili\u015fkilerini geli\u015ftirme arzusunu vurgulad\u0131. Ba\u015fkan Sisoulith, Muhammed Hasaneyin Haddam&#8217;\u0131n Laos Demokratik Halk Cumhuriyeti&#8217;nin yerle\u015fik olmayan Ola\u011fan\u00fcst\u00fc ve Tam Yetkili B\u00fcy\u00fckel\u00e7isi olarak g\u00fcven mektubunu kabul ederken, Say\u0131n Cumhurba\u015fkan\u0131 Be\u015f\u015far Esad&#8217;a selamlar\u0131n\u0131 iletti ve iki \u00fclke aras\u0131ndaki ili\u015fkileri her d\u00fczeyde g\u00fc\u00e7lendirme arzusunu &hellip;<\/p>\n","protected":false},"author":41,"featured_media":304568,"comment_status":"closed","ping_status":"closed","sticky":false,"template":"","format":"standard","meta":{"footnotes":""},"categories":[458,459,17988],"tags":[41889,41890,41891],"class_list":["post-304566","post","type-post","status-publish","format-standard","has-post-thumbnail","","category-dunya1","category-haberler-arap-uluslararasi-politika","category-son-haberler","tag-laos-demokratik-halk-cumhuriyeti","tag-laos-devlet-baskani","tag-ulkesinin-suriye-ile-iliskileri-gelistirme-arzusunu-vurguladi"],"_links":{"self":[{"href":"https:\/\/archive.sana.sy\/tr\/index.php?rest_route=\/wp\/v2\/posts\/304566","targetHints":{"allow":["GET"]}}],"collection":[{"href":"https:\/\/archive.sana.sy\/tr\/index.php?rest_route=\/wp\/v2\/posts"}],"about":[{"href":"https:\/\/archive.sana.sy\/tr\/index.php?rest_route=\/wp\/v2\/types\/post"}],"author":[{"embeddable":true,"href":"https:\/\/archive.sana.sy\/tr\/index.php?rest_route=\/wp\/v2\/users\/41"}],"replies":[{"embeddable":true,"href":"https:\/\/archive.sana.sy\/tr\/index.php?rest_route=%2Fwp%2Fv2%2Fcomments&post=304566"}],"version-history":[{"count":2,"href":"https:\/\/archive.sana.sy\/tr\/index.php?rest_route=\/wp\/v2\/posts\/304566\/revisions"}],"predecessor-version":[{"id":304579,"href":"https:\/\/archive.sana.sy\/tr\/index.php?rest_route=\/wp\/v2\/posts\/304566\/revisions\/304579"}],"wp:featuredmedia":[{"embeddable":true,"href":"https:\/\/archive.sana.sy\/tr\/index.php?rest_route=\/wp\/v2\/media\/304568"}],"wp:attachment":[{"href":"https:\/\/archive.sana.sy\/tr\/index.php?rest_route=%2Fwp%2Fv2%2Fmedia&parent=304566"}],"wp:term":[{"taxonomy":"category","embeddable":true,"href":"https:\/\/archive.sana.sy\/tr\/index.php?rest_route=%2Fwp%2Fv2%2Fcategories&post=304566"},{"taxonomy":"post_tag","embeddable":true,"href":"https:\/\/archive.sana.sy\/tr\/index.php?rest_route=%2Fwp%2Fv2%2Ftags&post=304566"}],"curies":[{"name":"wp","href":"https:\/\/api.w.org\/{rel}","templated":true}]}}