{"id":304583,"date":"2024-07-08T10:42:58","date_gmt":"2024-07-08T07:42:58","guid":{"rendered":"https:\/\/sana.sy\/tr\/?p=304583"},"modified":"2024-07-09T13:26:49","modified_gmt":"2024-07-09T10:26:49","slug":"aksa-tufani-operasyonu-bugunun-en-one-cikan-gelismeleri-188","status":"publish","type":"post","link":"https:\/\/archive.sana.sy\/tr\/?p=304583","title":{"rendered":"Aksa Tufan\u0131 Operasyonu\u2026 Bug\u00fcn\u00fcn En \u00d6ne \u00c7\u0131kan Geli\u015fmeleri"},"content":{"rendered":"<p style=\"text-align: justify;\"><strong>\u0130\u015eGAL ED\u0130LEN KUD\u00dcS (SANA) \u2013<\/strong> Filistinli direni\u015finin i\u015fgalci \u0130srail&#8217;\u0131n sald\u0131rganl\u0131klar\u0131na yan\u0131t olarak 7 Ekim\u2019de ba\u015flatt\u0131\u011f\u0131 Aksa Tufan\u0131 Operasyonu\u2019nda \u00f6ne \u00e7\u0131kan geli\u015fmeler:<\/p>\n<ul>\n<li style=\"text-align: justify;\">Filistin direni\u015fi, Gazze \u015fehrinin g\u00fcneybat\u0131s\u0131ndaki Tel el-Hawa mahallesinde \u0130srail d\u00fc\u015fman\u0131na ait iki askeri arac\u0131 \u00f6nceden yerle\u015ftirilmi\u015f patlay\u0131c\u0131larla patlat\u0131yor ve f\u00fczelerle \u015fehrin g\u00fcneyindeki \u201cNetzarim\u201d eksenindeki g\u00fc\u00e7lerini hedef ald\u0131.<\/li>\n<li style=\"text-align: justify;\">\u00a0UNRWA: Gazze&#8217;de 200 \u00e7al\u0131\u015fan \u015fehit oldu, kurumun kurumlar\u0131n\u0131n y\u00fczde 50&#8217;si tamamen yok edildi.<\/li>\n<li style=\"text-align: justify;\"><a href=\"https:\/\/www.sana.sy\/tr\/?p=304594\">Gazze \u015eeridi&#8217;nde son 24 saatte ya\u015fanan i\u015fgal katliamlar\u0131 sonucu 40 \u015fehit.<\/a><\/li>\n<li style=\"text-align: justify;\">Filistin direni\u015fi, Gazze \u015fehrinin g\u00fcneyindeki \u201cNetzarim\u201d ekseninde \u0130srail d\u00fc\u015fman\u0131n\u0131n komuta merkezini havan toplar\u0131yla hedef ald\u0131.<\/li>\n<li style=\"text-align: justify;\">Filistin Sa\u011fl\u0131k Bakanl\u0131\u011f\u0131: Gazze \u015eeridi&#8217;nde 276&#8217;nc\u0131 g\u00fcn\u00fcnde devam eden i\u015fgal sald\u0131r\u0131s\u0131nda \u00f6lenlerin say\u0131s\u0131 38 bin 193 \u015fehit ve 87 bin 903 yaral\u0131ya y\u00fckseldi.<\/li>\n<li style=\"text-align: justify;\">Filistin Sa\u011fl\u0131k Bakanl\u0131\u011f\u0131: \u0130srail i\u015fgali son 24 saatte Gazze \u015eeridi&#8217;nde 3 katliam ger\u00e7ekle\u015ftirdi, 40 \u015fehit ve 75 ki\u015fi yaraland\u0131.<\/li>\n<li style=\"text-align: justify;\">Filistin medyas\u0131: \u0130srail i\u015fgalinin Gazze \u015eeridi&#8217;nin g\u00fcneyindeki Refah \u015fehrinin Tel Al-Sultan mahallesini bombalamas\u0131 sonucu iki \u015fehit ve \u00e7ok say\u0131da yaral\u0131.<\/li>\n<li style=\"text-align: justify;\">\u00a0Filistin medyas\u0131: \u0130srail&#8217;in Gazze \u015fehrinin do\u011fusundaki E\u015f \u015eucaiye mahallesini i\u015fgal etmesi sonucu 4 \u015fehit ve \u00e7ok say\u0131da yaral\u0131.<\/li>\n<li style=\"text-align: justify;\">\u00a0Gazze \u015fehrinin g\u00fcneyindeki i\u015fgal bombard\u0131man\u0131 sonucu 3 \u015fehit.<\/li>\n<li>\n<p style=\"text-align: justify;\">Filistin medyas\u0131: \u0130srail i\u015fgal u\u00e7aklar\u0131n\u0131n Gazze \u015fehrinin g\u00fcneyindeki Sina Kav\u015fa\u011f\u0131 yak\u0131n\u0131ndaki bir evi bombalamas\u0131 sonucu 2 \u015fehit ve 5 ki\u015fi yaraland\u0131.<\/p>\n<\/li>\n<\/ul>\n<p style=\"text-align: center;\"><strong><a href=\"https:\/\/t.me\/SuriyeArapHaberAjansI\">Telegram Kanal\u0131m\u0131z\u00a0<\/a>||<a href=\"https:\/\/twitter.com\/arap_ajans\">X Platformumuz\u00a0<\/a>||<a href=\"https:\/\/www.facebook.com\/SANAHaberAjansi\/\">Facebook Sayfam\u0131z<\/a><\/strong><\/p>\n","protected":false},"excerpt":{"rendered":"<p>\u0130\u015eGAL ED\u0130LEN KUD\u00dcS (SANA) \u2013 Filistinli direni\u015finin i\u015fgalci \u0130srail&#8217;\u0131n sald\u0131rganl\u0131klar\u0131na yan\u0131t olarak 7 Ekim\u2019de ba\u015flatt\u0131\u011f\u0131 Aksa Tufan\u0131 Operasyonu\u2019nda \u00f6ne \u00e7\u0131kan geli\u015fmeler: Filistin direni\u015fi, Gazze \u015fehrinin g\u00fcneybat\u0131s\u0131ndaki Tel el-Hawa mahallesinde \u0130srail d\u00fc\u015fman\u0131na ait iki askeri arac\u0131 \u00f6nceden yerle\u015ftirilmi\u015f patlay\u0131c\u0131larla patlat\u0131yor ve f\u00fczelerle \u015fehrin g\u00fcneyindeki \u201cNetzarim\u201d eksenindeki g\u00fc\u00e7lerini hedef ald\u0131. \u00a0UNRWA: Gazze&#8217;de 200 \u00e7al\u0131\u015fan \u015fehit oldu, kurumun &hellip;<\/p>\n","protected":false},"author":36,"featured_media":304584,"comment_status":"closed","ping_status":"closed","sticky":false,"template":"","format":"standard","meta":{"footnotes":""},"categories":[458,459,17988],"tags":[],"class_list":["post-304583","post","type-post","status-publish","format-standard","has-post-thumbnail","","category-dunya1","category-haberler-arap-uluslararasi-politika","category-son-haberler"],"_links":{"self":[{"href":"https:\/\/archive.sana.sy\/tr\/index.php?rest_route=\/wp\/v2\/posts\/304583","targetHints":{"allow":["GET"]}}],"collection":[{"href":"https:\/\/archive.sana.sy\/tr\/index.php?rest_route=\/wp\/v2\/posts"}],"about":[{"href":"https:\/\/archive.sana.sy\/tr\/index.php?rest_route=\/wp\/v2\/types\/post"}],"author":[{"embeddable":true,"href":"https:\/\/archive.sana.sy\/tr\/index.php?rest_route=\/wp\/v2\/users\/36"}],"replies":[{"embeddable":true,"href":"https:\/\/archive.sana.sy\/tr\/index.php?rest_route=%2Fwp%2Fv2%2Fcomments&post=304583"}],"version-history":[{"count":3,"href":"https:\/\/archive.sana.sy\/tr\/index.php?rest_route=\/wp\/v2\/posts\/304583\/revisions"}],"predecessor-version":[{"id":304597,"href":"https:\/\/archive.sana.sy\/tr\/index.php?rest_route=\/wp\/v2\/posts\/304583\/revisions\/304597"}],"wp:featuredmedia":[{"embeddable":true,"href":"https:\/\/archive.sana.sy\/tr\/index.php?rest_route=\/wp\/v2\/media\/304584"}],"wp:attachment":[{"href":"https:\/\/archive.sana.sy\/tr\/index.php?rest_route=%2Fwp%2Fv2%2Fmedia&parent=304583"}],"wp:term":[{"taxonomy":"category","embeddable":true,"href":"https:\/\/archive.sana.sy\/tr\/index.php?rest_route=%2Fwp%2Fv2%2Fcategories&post=304583"},{"taxonomy":"post_tag","embeddable":true,"href":"https:\/\/archive.sana.sy\/tr\/index.php?rest_route=%2Fwp%2Fv2%2Ftags&post=304583"}],"curies":[{"name":"wp","href":"https:\/\/api.w.org\/{rel}","templated":true}]}}