{"id":304601,"date":"2024-07-08T06:46:43","date_gmt":"2024-07-08T03:46:43","guid":{"rendered":"https:\/\/sana.sy\/tr\/?p=304601"},"modified":"2024-07-09T08:04:28","modified_gmt":"2024-07-09T05:04:28","slug":"macron-basbakanin-gorevde-kalmasini-istedi","status":"publish","type":"post","link":"https:\/\/archive.sana.sy\/tr\/?p=304601","title":{"rendered":"Macron, Ba\u015fbakan&#8217;\u0131n G\u00f6revde Kalmas\u0131n\u0131 \u0130stedi"},"content":{"rendered":"<p style=\"text-align: justify;\"><strong>PAR\u0130S (SANA) &#8211;<\/strong>\u00a0 Bug\u00fcn Fransa Cumhurba\u015fkan\u0131 Emmanuel Macron, kendi deyimiyle &#8220;\u00fclkenin istikrar\u0131n\u0131 sa\u011flamak&#8221; amac\u0131yla Ba\u015fbakan Gabriel Attal&#8217;dan mevcut g\u00f6revinde kalmas\u0131n\u0131 istedi.<\/p>\n<p style=\"text-align: justify;\">Agence France-Presse, \u2018\u2019Attal, Fransa Cumhurba\u015fkan\u0131 liderli\u011findeki koalisyonun erken parlamento se\u00e7imlerini kaybetmesinden bir g\u00fcn sonra istifas\u0131n\u0131 Macron&#8217;a sundu. ncak cumhurba\u015fkan\u0131 &#8220;\u00fclkede istikrar\u0131n sa\u011flanmas\u0131 i\u00e7in kendisinden \u015fu anda g\u00f6revlerine devam etmesini istedi&#8221; dedi.<\/p>\n<p style=\"text-align: center;\"><strong><a href=\"https:\/\/t.me\/SuriyeArapHaberAjansI\">Telegram Kanal\u0131m\u0131z\u00a0<\/a>||<a href=\"https:\/\/twitter.com\/arap_ajans\">X Platformumuz\u00a0<\/a>||<a href=\"https:\/\/www.facebook.com\/SANAHaberAjansi\/\">Facebook Sayfam\u0131z<\/a><\/strong><\/p>\n","protected":false},"excerpt":{"rendered":"<p>PAR\u0130S (SANA) &#8211;\u00a0 Bug\u00fcn Fransa Cumhurba\u015fkan\u0131 Emmanuel Macron, kendi deyimiyle &#8220;\u00fclkenin istikrar\u0131n\u0131 sa\u011flamak&#8221; amac\u0131yla Ba\u015fbakan Gabriel Attal&#8217;dan mevcut g\u00f6revinde kalmas\u0131n\u0131 istedi. Agence France-Presse, \u2018\u2019Attal, Fransa Cumhurba\u015fkan\u0131 liderli\u011findeki koalisyonun erken parlamento se\u00e7imlerini kaybetmesinden bir g\u00fcn sonra istifas\u0131n\u0131 Macron&#8217;a sundu. ncak cumhurba\u015fkan\u0131 &#8220;\u00fclkede istikrar\u0131n sa\u011flanmas\u0131 i\u00e7in kendisinden \u015fu anda g\u00f6revlerine devam etmesini istedi&#8221; dedi. Telegram Kanal\u0131m\u0131z\u00a0||X Platformumuz\u00a0||Facebook &hellip;<\/p>\n","protected":false},"author":41,"featured_media":304602,"comment_status":"closed","ping_status":"closed","sticky":false,"template":"","format":"standard","meta":{"footnotes":""},"categories":[458,459,17988],"tags":[41897,31071,30999],"class_list":["post-304601","post","type-post","status-publish","format-standard","has-post-thumbnail","","category-dunya1","category-haberler-arap-uluslararasi-politika","category-son-haberler","tag-basbakanin-gorevde-kalmasini-istedi","tag-emmanuel-macron","tag-macron"],"_links":{"self":[{"href":"https:\/\/archive.sana.sy\/tr\/index.php?rest_route=\/wp\/v2\/posts\/304601","targetHints":{"allow":["GET"]}}],"collection":[{"href":"https:\/\/archive.sana.sy\/tr\/index.php?rest_route=\/wp\/v2\/posts"}],"about":[{"href":"https:\/\/archive.sana.sy\/tr\/index.php?rest_route=\/wp\/v2\/types\/post"}],"author":[{"embeddable":true,"href":"https:\/\/archive.sana.sy\/tr\/index.php?rest_route=\/wp\/v2\/users\/41"}],"replies":[{"embeddable":true,"href":"https:\/\/archive.sana.sy\/tr\/index.php?rest_route=%2Fwp%2Fv2%2Fcomments&post=304601"}],"version-history":[{"count":1,"href":"https:\/\/archive.sana.sy\/tr\/index.php?rest_route=\/wp\/v2\/posts\/304601\/revisions"}],"predecessor-version":[{"id":304603,"href":"https:\/\/archive.sana.sy\/tr\/index.php?rest_route=\/wp\/v2\/posts\/304601\/revisions\/304603"}],"wp:featuredmedia":[{"embeddable":true,"href":"https:\/\/archive.sana.sy\/tr\/index.php?rest_route=\/wp\/v2\/media\/304602"}],"wp:attachment":[{"href":"https:\/\/archive.sana.sy\/tr\/index.php?rest_route=%2Fwp%2Fv2%2Fmedia&parent=304601"}],"wp:term":[{"taxonomy":"category","embeddable":true,"href":"https:\/\/archive.sana.sy\/tr\/index.php?rest_route=%2Fwp%2Fv2%2Fcategories&post=304601"},{"taxonomy":"post_tag","embeddable":true,"href":"https:\/\/archive.sana.sy\/tr\/index.php?rest_route=%2Fwp%2Fv2%2Ftags&post=304601"}],"curies":[{"name":"wp","href":"https:\/\/api.w.org\/{rel}","templated":true}]}}