{"id":304604,"date":"2024-07-08T03:03:40","date_gmt":"2024-07-08T00:03:40","guid":{"rendered":"https:\/\/sana.sy\/tr\/?p=304604"},"modified":"2024-07-09T08:04:22","modified_gmt":"2024-07-09T05:04:22","slug":"guney-afrikayi-vuran-firtinalar-nedeniyle-binlerce-kisi-yerinden-edildi","status":"publish","type":"post","link":"https:\/\/archive.sana.sy\/tr\/?p=304604","title":{"rendered":"G\u00fcney Afrika&#8217;y\u0131 Vuran F\u0131rt\u0131nalar Nedeniyle Binlerce Ki\u015fi Yerinden Edildi"},"content":{"rendered":"<p style=\"text-align: justify;\"><strong>JOHANNESBURG (SANA)<\/strong> &#8211; \u00a0G\u00fcney Afrika&#8217;n\u0131n Cape Town Belediyesi, \u015fiddetli f\u0131rt\u0131na nedeniyle binlerce ki\u015finin \u015fehrin d\u0131\u015f mahallelerindeki evlerinden g\u00f6\u00e7 etti\u011fini duyurdu.<\/p>\n<p style=\"text-align: justify;\">Associated Press belediyenin, \u2018\u2019F\u0131rt\u0131nalar, Cape Town&#8217;un eteklerindeki Khayelitsha kasabas\u0131ndaki gayri resmi yerle\u015fimlerdeki yakla\u015f\u0131k 1000 evi yok etti\u2019\u2019 diyerek, bu f\u0131rt\u0131nalar\u0131n 30&#8217;dan fazla banliy\u00f6de elektrik kesintisine yol a\u00e7t\u0131\u011f\u0131n\u0131, di\u011fer b\u00f6lgeleri de ya\u011fmur sular\u0131n\u0131n bast\u0131\u011f\u0131n\u0131 kaydetti\u011fini aktard\u0131.<\/p>\n<p style=\"text-align: justify;\">Ajans, Bu hafta \u015fiddetli ya\u011f\u0131\u015flar\u0131n devam etmesiyle barajlar\u0131n seviyelerinin y\u00fckselece\u011finin tahmin edildi\u011fini, barajlar\u0131n seviyelerinin takip edildi\u011fini ve bir k\u0131sm\u0131n\u0131n kontroll\u00fc olarak bo\u015falt\u0131ld\u0131\u011f\u0131n\u0131 belirtirken de, \u00a0\u2018\u2019Cape Town&#8217;daki Afet Koordinasyon Ekibi her t\u00fcrl\u00fc acil duruma m\u00fcdahale etmeye haz\u0131r\u2019\u2019 ifadelerini kulland\u0131.<\/p>\n<p style=\"text-align: justify;\">Buna kar\u015f\u0131l\u0131k G\u00fcney Afrika Meteorolojisi, &#8220;Cape Town ve \u00e7evresinin \u00f6n\u00fcm\u00fczdeki Cuma g\u00fcn\u00fcne kadar \u00e7ok say\u0131da so\u011fuk cepheye maruz kalmas\u0131n\u0131n beklendi\u011fini&#8221; do\u011frulad\u0131.<\/p>\n<p style=\"text-align: center;\"><strong><a href=\"https:\/\/t.me\/SuriyeArapHaberAjansI\">Telegram Kanal\u0131m\u0131z\u00a0<\/a>||<a href=\"https:\/\/twitter.com\/arap_ajans\">X Platformumuz\u00a0<\/a>||<a href=\"https:\/\/www.facebook.com\/SANAHaberAjansi\/\">Facebook Sayfam\u0131z<\/a><\/strong><\/p>\n","protected":false},"excerpt":{"rendered":"<p>JOHANNESBURG (SANA) &#8211; \u00a0G\u00fcney Afrika&#8217;n\u0131n Cape Town Belediyesi, \u015fiddetli f\u0131rt\u0131na nedeniyle binlerce ki\u015finin \u015fehrin d\u0131\u015f mahallelerindeki evlerinden g\u00f6\u00e7 etti\u011fini duyurdu. Associated Press belediyenin, \u2018\u2019F\u0131rt\u0131nalar, Cape Town&#8217;un eteklerindeki Khayelitsha kasabas\u0131ndaki gayri resmi yerle\u015fimlerdeki yakla\u015f\u0131k 1000 evi yok etti\u2019\u2019 diyerek, bu f\u0131rt\u0131nalar\u0131n 30&#8217;dan fazla banliy\u00f6de elektrik kesintisine yol a\u00e7t\u0131\u011f\u0131n\u0131, di\u011fer b\u00f6lgeleri de ya\u011fmur sular\u0131n\u0131n bast\u0131\u011f\u0131n\u0131 kaydetti\u011fini aktard\u0131. &hellip;<\/p>\n","protected":false},"author":41,"featured_media":304605,"comment_status":"closed","ping_status":"closed","sticky":false,"template":"","format":"standard","meta":{"footnotes":""},"categories":[458,459,17988],"tags":[41899,41898],"class_list":["post-304604","post","type-post","status-publish","format-standard","has-post-thumbnail","","category-dunya1","category-haberler-arap-uluslararasi-politika","category-son-haberler","tag-cape-townun-eteklerindeki-khayelitsha-kasabasi","tag-guney-afrikayi-vuran-firtinalar-nedeniyle-binlerce-kisi-yerinden-edildi"],"_links":{"self":[{"href":"https:\/\/archive.sana.sy\/tr\/index.php?rest_route=\/wp\/v2\/posts\/304604","targetHints":{"allow":["GET"]}}],"collection":[{"href":"https:\/\/archive.sana.sy\/tr\/index.php?rest_route=\/wp\/v2\/posts"}],"about":[{"href":"https:\/\/archive.sana.sy\/tr\/index.php?rest_route=\/wp\/v2\/types\/post"}],"author":[{"embeddable":true,"href":"https:\/\/archive.sana.sy\/tr\/index.php?rest_route=\/wp\/v2\/users\/41"}],"replies":[{"embeddable":true,"href":"https:\/\/archive.sana.sy\/tr\/index.php?rest_route=%2Fwp%2Fv2%2Fcomments&post=304604"}],"version-history":[{"count":1,"href":"https:\/\/archive.sana.sy\/tr\/index.php?rest_route=\/wp\/v2\/posts\/304604\/revisions"}],"predecessor-version":[{"id":304606,"href":"https:\/\/archive.sana.sy\/tr\/index.php?rest_route=\/wp\/v2\/posts\/304604\/revisions\/304606"}],"wp:featuredmedia":[{"embeddable":true,"href":"https:\/\/archive.sana.sy\/tr\/index.php?rest_route=\/wp\/v2\/media\/304605"}],"wp:attachment":[{"href":"https:\/\/archive.sana.sy\/tr\/index.php?rest_route=%2Fwp%2Fv2%2Fmedia&parent=304604"}],"wp:term":[{"taxonomy":"category","embeddable":true,"href":"https:\/\/archive.sana.sy\/tr\/index.php?rest_route=%2Fwp%2Fv2%2Fcategories&post=304604"},{"taxonomy":"post_tag","embeddable":true,"href":"https:\/\/archive.sana.sy\/tr\/index.php?rest_route=%2Fwp%2Fv2%2Ftags&post=304604"}],"curies":[{"name":"wp","href":"https:\/\/api.w.org\/{rel}","templated":true}]}}