{"id":304607,"date":"2024-07-08T10:41:37","date_gmt":"2024-07-08T07:41:37","guid":{"rendered":"https:\/\/sana.sy\/tr\/?p=304607"},"modified":"2024-07-09T08:04:31","modified_gmt":"2024-07-09T05:04:31","slug":"kenaani-uluslararasi-toplum-siyonist-varligin-gerceklestirdigi-maceralara-kararli-bir-sekilde-yanit-vermeli","status":"publish","type":"post","link":"https:\/\/archive.sana.sy\/tr\/?p=304607","title":{"rendered":"Kenaani: Uluslararas\u0131 Toplum, Siyonist Varl\u0131\u011f\u0131n Ger\u00e7ekle\u015ftirdi\u011fi Maceralara Kararl\u0131 Bir \u015eekilde Yan\u0131t Vermeli"},"content":{"rendered":"<p style=\"text-align: justify;\"><strong>TAHRAN (SANA)<\/strong> &#8211; \u0130ran D\u0131\u015fi\u015fleri Bakanl\u0131\u011f\u0131 s\u00f6zc\u00fcs\u00fc Nas\u0131r Kenaani, Siyonist varl\u0131\u011f\u0131n L\u00fcbnan&#8217;a y\u00f6nelik herhangi bir sald\u0131r\u0131s\u0131n\u0131n istikrars\u0131zl\u0131\u011fa yol a\u00e7aca\u011f\u0131n\u0131 ve b\u00f6lgesel bar\u0131\u015f ve istikrar\u0131 etkileyece\u011fini do\u011frulayarak, bu t\u00fcr macera dolu eylemlere kararl\u0131 bir \u015fekilde yan\u0131t vermenin uluslararas\u0131 toplumun sorumlulu\u011funda oldu\u011funu a\u00e7\u0131klad\u0131.<\/p>\n<p style=\"text-align: justify;\">Kenaani bug\u00fcn d\u00fczenledi\u011fi bas\u0131n toplant\u0131s\u0131nda,\u00a0 &#8220;L\u00fcbnan&#8217;da halk, h\u00fck\u00fcmet, ordu ve direni\u015f \u00fclkelerini savunmaya kararl\u0131d\u0131r ve direni\u015f L\u00fcbnan&#8217;\u0131 her zamankinden daha fazla savunacakt\u0131r&#8221; diyerek, \u00a0\u0130ran&#8217;\u0131n bu \u00fclkeyi uygun zamanda desteklemekten \u00e7ekinmeyece\u011fine dikkat \u00e7ekti.<\/p>\n<p style=\"text-align: center;\"><strong><a href=\"https:\/\/t.me\/SuriyeArapHaberAjansI\">Telegram Kanal\u0131m\u0131z\u00a0<\/a>||<a href=\"https:\/\/twitter.com\/arap_ajans\">X Platformumuz\u00a0<\/a>||<a href=\"https:\/\/www.facebook.com\/SANAHaberAjansi\/\">Facebook Sayfam\u0131z<\/a><\/strong><\/p>\n","protected":false},"excerpt":{"rendered":"<p>TAHRAN (SANA) &#8211; \u0130ran D\u0131\u015fi\u015fleri Bakanl\u0131\u011f\u0131 s\u00f6zc\u00fcs\u00fc Nas\u0131r Kenaani, Siyonist varl\u0131\u011f\u0131n L\u00fcbnan&#8217;a y\u00f6nelik herhangi bir sald\u0131r\u0131s\u0131n\u0131n istikrars\u0131zl\u0131\u011fa yol a\u00e7aca\u011f\u0131n\u0131 ve b\u00f6lgesel bar\u0131\u015f ve istikrar\u0131 etkileyece\u011fini do\u011frulayarak, bu t\u00fcr macera dolu eylemlere kararl\u0131 bir \u015fekilde yan\u0131t vermenin uluslararas\u0131 toplumun sorumlulu\u011funda oldu\u011funu a\u00e7\u0131klad\u0131. Kenaani bug\u00fcn d\u00fczenledi\u011fi bas\u0131n toplant\u0131s\u0131nda,\u00a0 &#8220;L\u00fcbnan&#8217;da halk, h\u00fck\u00fcmet, ordu ve direni\u015f \u00fclkelerini savunmaya kararl\u0131d\u0131r &hellip;<\/p>\n","protected":false},"author":41,"featured_media":304610,"comment_status":"closed","ping_status":"closed","sticky":false,"template":"","format":"standard","meta":{"footnotes":""},"categories":[458,459,17988],"tags":[41900,41901],"class_list":["post-304607","post","type-post","status-publish","format-standard","has-post-thumbnail","","category-dunya1","category-haberler-arap-uluslararasi-politika","category-son-haberler","tag-kenaani-uluslararasi-toplum","tag-siyonist-varligin-gerceklestirdigi-maceralara-kararli-bir-sekilde-yanit-vermeli"],"_links":{"self":[{"href":"https:\/\/archive.sana.sy\/tr\/index.php?rest_route=\/wp\/v2\/posts\/304607","targetHints":{"allow":["GET"]}}],"collection":[{"href":"https:\/\/archive.sana.sy\/tr\/index.php?rest_route=\/wp\/v2\/posts"}],"about":[{"href":"https:\/\/archive.sana.sy\/tr\/index.php?rest_route=\/wp\/v2\/types\/post"}],"author":[{"embeddable":true,"href":"https:\/\/archive.sana.sy\/tr\/index.php?rest_route=\/wp\/v2\/users\/41"}],"replies":[{"embeddable":true,"href":"https:\/\/archive.sana.sy\/tr\/index.php?rest_route=%2Fwp%2Fv2%2Fcomments&post=304607"}],"version-history":[{"count":1,"href":"https:\/\/archive.sana.sy\/tr\/index.php?rest_route=\/wp\/v2\/posts\/304607\/revisions"}],"predecessor-version":[{"id":304609,"href":"https:\/\/archive.sana.sy\/tr\/index.php?rest_route=\/wp\/v2\/posts\/304607\/revisions\/304609"}],"wp:featuredmedia":[{"embeddable":true,"href":"https:\/\/archive.sana.sy\/tr\/index.php?rest_route=\/wp\/v2\/media\/304610"}],"wp:attachment":[{"href":"https:\/\/archive.sana.sy\/tr\/index.php?rest_route=%2Fwp%2Fv2%2Fmedia&parent=304607"}],"wp:term":[{"taxonomy":"category","embeddable":true,"href":"https:\/\/archive.sana.sy\/tr\/index.php?rest_route=%2Fwp%2Fv2%2Fcategories&post=304607"},{"taxonomy":"post_tag","embeddable":true,"href":"https:\/\/archive.sana.sy\/tr\/index.php?rest_route=%2Fwp%2Fv2%2Ftags&post=304607"}],"curies":[{"name":"wp","href":"https:\/\/api.w.org\/{rel}","templated":true}]}}