{"id":304616,"date":"2024-07-08T11:14:37","date_gmt":"2024-07-08T08:14:37","guid":{"rendered":"https:\/\/sana.sy\/tr\/?p=304616"},"modified":"2024-07-09T08:04:47","modified_gmt":"2024-07-09T05:04:47","slug":"pezeskiyandan-nasrullaha-iran-bolge-halklarinin-siyonist-olusuma-karsi-direnisini-her-zaman-destekledi-ve-destekleyecektir","status":"publish","type":"post","link":"https:\/\/archive.sana.sy\/tr\/?p=304616","title":{"rendered":"Peze\u015fkiyan&#8217;dan Nasrullah&#8217;a: \u0130ran, B\u00f6lge Halklar\u0131n\u0131n Siyonist Olu\u015fuma Kar\u015f\u0131 Direni\u015fini Her Zaman Destekledi Ve Destekleyecektir"},"content":{"rendered":"<p style=\"text-align: justify;\"><strong>TAHRAN (SANA)<\/strong> &#8211; \u0130ran&#8217;\u0131n se\u00e7ilen Cumhurba\u015fkan\u0131 Mesud Peze\u015fkiyan, \u0130ran&#8217;\u0131n b\u00f6lge halklar\u0131n\u0131n yasad\u0131\u015f\u0131 Siyonist olu\u015fuma kar\u015f\u0131 direni\u015fini destekledi\u011fini ve her zaman destekleyece\u011fini vurgulad\u0131.<\/p>\n<p style=\"text-align: justify;\">Peze\u015fkiyan, L\u00fcbnan&#8217;daki Hizbullah Genel Sekreteri Hasan Nasrullah&#8217;a yazd\u0131\u011f\u0131 mektupta, \u2018\u2019Direni\u015fe destek, \u0130ran \u0130slam Cumhuriyeti&#8217;nin temel politikalar\u0131na dayanmaktad\u0131r ve g\u00fc\u00e7l\u00fc bir \u015fekilde devam edecektir\u2019\u2019 diyerek, &#8220;B\u00f6lgedeki direni\u015f hareketlerinin, bu olu\u015fumun ezilen Filistin halk\u0131na ve di\u011fer b\u00f6lge halklar\u0131na kar\u015f\u0131 k\u0131\u015fk\u0131rt\u0131c\u0131 ve su\u00e7lay\u0131c\u0131 politikalar\u0131n\u0131 s\u00fcrd\u00fcrmesine izin vermeyece\u011finden eminim&#8221; ifadelerini kulland\u0131.<\/p>\n<p style=\"text-align: center;\"><strong><a href=\"https:\/\/t.me\/SuriyeArapHaberAjansI\">Telegram Kanal\u0131m\u0131z\u00a0<\/a>||<a href=\"https:\/\/twitter.com\/arap_ajans\">X Platformumuz\u00a0<\/a>||<a href=\"https:\/\/www.facebook.com\/SANAHaberAjansi\/\">Facebook Sayfam\u0131z<\/a><\/strong><\/p>\n","protected":false},"excerpt":{"rendered":"<p>TAHRAN (SANA) &#8211; \u0130ran&#8217;\u0131n se\u00e7ilen Cumhurba\u015fkan\u0131 Mesud Peze\u015fkiyan, \u0130ran&#8217;\u0131n b\u00f6lge halklar\u0131n\u0131n yasad\u0131\u015f\u0131 Siyonist olu\u015fuma kar\u015f\u0131 direni\u015fini destekledi\u011fini ve her zaman destekleyece\u011fini vurgulad\u0131. Peze\u015fkiyan, L\u00fcbnan&#8217;daki Hizbullah Genel Sekreteri Hasan Nasrullah&#8217;a yazd\u0131\u011f\u0131 mektupta, \u2018\u2019Direni\u015fe destek, \u0130ran \u0130slam Cumhuriyeti&#8217;nin temel politikalar\u0131na dayanmaktad\u0131r ve g\u00fc\u00e7l\u00fc bir \u015fekilde devam edecektir\u2019\u2019 diyerek, &#8220;B\u00f6lgedeki direni\u015f hareketlerinin, bu olu\u015fumun ezilen Filistin halk\u0131na ve &hellip;<\/p>\n","protected":false},"author":41,"featured_media":304617,"comment_status":"closed","ping_status":"closed","sticky":false,"template":"","format":"standard","meta":{"footnotes":""},"categories":[458,459,17988],"tags":[41903,41905,41904],"class_list":["post-304616","post","type-post","status-publish","format-standard","has-post-thumbnail","","category-dunya1","category-haberler-arap-uluslararasi-politika","category-son-haberler","tag-hizbullah-genel-sekreteri-hasan-nasrullah","tag-iran-ve-lubnan-arasindaki-iliskiler","tag-iranin-secilen-cumhurbaskani-mesud-pezeskiyan"],"_links":{"self":[{"href":"https:\/\/archive.sana.sy\/tr\/index.php?rest_route=\/wp\/v2\/posts\/304616","targetHints":{"allow":["GET"]}}],"collection":[{"href":"https:\/\/archive.sana.sy\/tr\/index.php?rest_route=\/wp\/v2\/posts"}],"about":[{"href":"https:\/\/archive.sana.sy\/tr\/index.php?rest_route=\/wp\/v2\/types\/post"}],"author":[{"embeddable":true,"href":"https:\/\/archive.sana.sy\/tr\/index.php?rest_route=\/wp\/v2\/users\/41"}],"replies":[{"embeddable":true,"href":"https:\/\/archive.sana.sy\/tr\/index.php?rest_route=%2Fwp%2Fv2%2Fcomments&post=304616"}],"version-history":[{"count":1,"href":"https:\/\/archive.sana.sy\/tr\/index.php?rest_route=\/wp\/v2\/posts\/304616\/revisions"}],"predecessor-version":[{"id":304618,"href":"https:\/\/archive.sana.sy\/tr\/index.php?rest_route=\/wp\/v2\/posts\/304616\/revisions\/304618"}],"wp:featuredmedia":[{"embeddable":true,"href":"https:\/\/archive.sana.sy\/tr\/index.php?rest_route=\/wp\/v2\/media\/304617"}],"wp:attachment":[{"href":"https:\/\/archive.sana.sy\/tr\/index.php?rest_route=%2Fwp%2Fv2%2Fmedia&parent=304616"}],"wp:term":[{"taxonomy":"category","embeddable":true,"href":"https:\/\/archive.sana.sy\/tr\/index.php?rest_route=%2Fwp%2Fv2%2Fcategories&post=304616"},{"taxonomy":"post_tag","embeddable":true,"href":"https:\/\/archive.sana.sy\/tr\/index.php?rest_route=%2Fwp%2Fv2%2Ftags&post=304616"}],"curies":[{"name":"wp","href":"https:\/\/api.w.org\/{rel}","templated":true}]}}