{"id":304623,"date":"2024-07-09T08:14:03","date_gmt":"2024-07-09T05:14:03","guid":{"rendered":"https:\/\/sana.sy\/tr\/?p=304623"},"modified":"2024-07-12T08:46:59","modified_gmt":"2024-07-12T05:46:59","slug":"israilin-baniyas-civarindaki-noktalardan-birine-yonelik-saldirisi-sonucu-maddi-hasarlar","status":"publish","type":"post","link":"https:\/\/archive.sana.sy\/tr\/?p=304623","title":{"rendered":"\u0130srail&#8217;in Baniyas Civar\u0131ndaki Noktalardan Birine Y\u00f6nelik Sald\u0131rganl\u0131\u011f\u0131 Sonucu Maddi Hasarlar"},"content":{"rendered":"<p style=\"text-align: justify;\"><strong>\u015eAM (SANA) \u2013<\/strong>\u0130srail&#8217;in Baniyas kenti \u00e7evresindeki noktalardan birine d\u00fczenledi\u011fi hava sald\u0131rganl\u0131\u011f\u0131 sonucu maddi hasar meydana geldi.<\/p>\n<p style=\"text-align: justify;\">Askeri bir kaynak,\u00a0 &#8220;Gece yar\u0131s\u0131ndan sonra saat 20.00 s\u0131ralar\u0131nda d\u00fc\u015fman \u0130srail , Baniyas&#8217;\u0131n bat\u0131s\u0131nda Akdeniz y\u00f6n\u00fcnden Baniyas kenti yak\u0131nlar\u0131ndaki noktalardan birini hedef alan bir hava sald\u0131rganl\u0131\u011f\u0131 ba\u015flatt\u0131&#8221; ded.<\/p>\n<p style=\"text-align: justify;\">Kaynak ayr\u0131ca, \u201cSald\u0131rganl\u0131k baz\u0131 maddi kay\u0131plara yol a\u00e7t\u0131\u201d ifadelerini a\u00e7\u0131klamas\u0131na ekledi.<\/p>\n<p style=\"text-align: center;\"><strong><a href=\"https:\/\/t.me\/SuriyeArapHaberAjansI\">Telegram Kanal\u0131m\u0131z\u00a0<\/a>||<a href=\"https:\/\/twitter.com\/arap_ajans\">X Platformumuz\u00a0<\/a>||<a href=\"https:\/\/www.facebook.com\/SANAHaberAjansi\/\">Facebook Sayfam\u0131z<\/a><\/strong><\/p>\n","protected":false},"excerpt":{"rendered":"<p>\u015eAM (SANA) \u2013\u0130srail&#8217;in Baniyas kenti \u00e7evresindeki noktalardan birine d\u00fczenledi\u011fi hava sald\u0131rganl\u0131\u011f\u0131 sonucu maddi hasar meydana geldi. Askeri bir kaynak,\u00a0 &#8220;Gece yar\u0131s\u0131ndan sonra saat 20.00 s\u0131ralar\u0131nda d\u00fc\u015fman \u0130srail , Baniyas&#8217;\u0131n bat\u0131s\u0131nda Akdeniz y\u00f6n\u00fcnden Baniyas kenti yak\u0131nlar\u0131ndaki noktalardan birini hedef alan bir hava sald\u0131rganl\u0131\u011f\u0131 ba\u015flatt\u0131&#8221; ded. Kaynak ayr\u0131ca, \u201cSald\u0131rganl\u0131k baz\u0131 maddi kay\u0131plara yol a\u00e7t\u0131\u201d ifadelerini a\u00e7\u0131klamas\u0131na ekledi. &hellip;<\/p>\n","protected":false},"author":36,"featured_media":304624,"comment_status":"closed","ping_status":"closed","sticky":false,"template":"","format":"standard","meta":{"footnotes":""},"categories":[479,575,17988,478],"tags":[],"class_list":["post-304623","post","type-post","status-publish","format-standard","has-post-thumbnail","","category-haberler-yerel","category-olaylar-ve-gercekler","category-son-haberler","category-yerel"],"_links":{"self":[{"href":"https:\/\/archive.sana.sy\/tr\/index.php?rest_route=\/wp\/v2\/posts\/304623","targetHints":{"allow":["GET"]}}],"collection":[{"href":"https:\/\/archive.sana.sy\/tr\/index.php?rest_route=\/wp\/v2\/posts"}],"about":[{"href":"https:\/\/archive.sana.sy\/tr\/index.php?rest_route=\/wp\/v2\/types\/post"}],"author":[{"embeddable":true,"href":"https:\/\/archive.sana.sy\/tr\/index.php?rest_route=\/wp\/v2\/users\/36"}],"replies":[{"embeddable":true,"href":"https:\/\/archive.sana.sy\/tr\/index.php?rest_route=%2Fwp%2Fv2%2Fcomments&post=304623"}],"version-history":[{"count":3,"href":"https:\/\/archive.sana.sy\/tr\/index.php?rest_route=\/wp\/v2\/posts\/304623\/revisions"}],"predecessor-version":[{"id":304648,"href":"https:\/\/archive.sana.sy\/tr\/index.php?rest_route=\/wp\/v2\/posts\/304623\/revisions\/304648"}],"wp:featuredmedia":[{"embeddable":true,"href":"https:\/\/archive.sana.sy\/tr\/index.php?rest_route=\/wp\/v2\/media\/304624"}],"wp:attachment":[{"href":"https:\/\/archive.sana.sy\/tr\/index.php?rest_route=%2Fwp%2Fv2%2Fmedia&parent=304623"}],"wp:term":[{"taxonomy":"category","embeddable":true,"href":"https:\/\/archive.sana.sy\/tr\/index.php?rest_route=%2Fwp%2Fv2%2Fcategories&post=304623"},{"taxonomy":"post_tag","embeddable":true,"href":"https:\/\/archive.sana.sy\/tr\/index.php?rest_route=%2Fwp%2Fv2%2Ftags&post=304623"}],"curies":[{"name":"wp","href":"https:\/\/api.w.org\/{rel}","templated":true}]}}