{"id":304671,"date":"2024-07-10T09:07:18","date_gmt":"2024-07-10T06:07:18","guid":{"rendered":"https:\/\/sana.sy\/tr\/?p=304671"},"modified":"2024-07-12T08:47:57","modified_gmt":"2024-07-12T05:47:57","slug":"iki-ulke-arasinda-duzenli-ucuslarin-geri-donmesiyle-suriye-havayollarina-ait-ilk-ucagin-suudi-arabistana-vardi","status":"publish","type":"post","link":"https:\/\/archive.sana.sy\/tr\/?p=304671","title":{"rendered":"\u0130ki \u00dclke Aras\u0131nda D\u00fczenli U\u00e7u\u015flar\u0131n Geri D\u00f6nmesiyle&#8230;Suriye Havayollar\u0131&#8217;na Ait \u0130lk U\u00e7ak Suudi Arabistan&#8217;a Vard\u0131"},"content":{"rendered":"<p style=\"text-align: justify;\"><strong>R\u0130YAD (SANA) \u2013 <\/strong>Suriye Havayollar\u0131&#8217;n\u0131n ilk u\u00e7a\u011f\u0131 bu sabah Riyad&#8217;daki Kral Halid Havaliman\u0131&#8217;na ula\u015ft\u0131 ve \u015eam Uluslararas\u0131 Havaliman\u0131&#8217;ndan Suudi Arabistan&#8217;a d\u00fczenli u\u00e7u\u015flar\u0131n d\u00f6n\u00fc\u015f\u00fcne i\u015faret etti.<\/p>\n<p style=\"text-align: justify;\">Bu vesileyle Riyadh Airports Company, Kral Halid Havaliman\u0131&#8217;nda Suriye Arap Cumhuriyeti&#8217;nin Suudi Arabistan Krall\u0131\u011f\u0131 B\u00fcy\u00fckel\u00e7isi Eymen Susan ve hava ta\u015f\u0131mac\u0131l\u0131\u011f\u0131 alan\u0131nda \u00e7ok say\u0131da Suudi yetkilinin kat\u0131l\u0131m\u0131yla bir kutlama d\u00fczenledi.<\/p>\n<p style=\"text-align: justify;\">B\u00fcy\u00fckel\u00e7i Susan, bu etkinli\u011fin hem Suriyeliler hem de Suudiler i\u00e7in iyi bir haber oldu\u011funu, \u00e7\u00fcnk\u00fc iki \u00fclke aras\u0131ndaki ileti\u015fimi kolayla\u015ft\u0131rd\u0131\u011f\u0131n\u0131 ve vatanda\u015flar\u0131 dolayl\u0131 seyahat s\u0131k\u0131nt\u0131s\u0131ndan kurtard\u0131\u011f\u0131n\u0131 vurgulad\u0131.<\/p>\n<p style=\"text-align: justify;\">Susan ayr\u0131ca, Suriye ile Suudi Arabistan aras\u0131ndaki d\u00fczenli u\u00e7u\u015flar\u0131n geri d\u00f6nmesinin, iki karde\u015f \u00fclke aras\u0131ndaki ili\u015fkilerin tan\u0131k oldu\u011fu istikrarl\u0131 geli\u015fme s\u00fcrecinde ek bir ad\u0131m oldu\u011funa dikkat \u00e7ekti.<\/p>\n<p style=\"text-align: center;\"><strong><a href=\"https:\/\/t.me\/SuriyeArapHaberAjansI\">Telegram Kanal\u0131m\u0131z\u00a0<\/a>||<a href=\"https:\/\/twitter.com\/arap_ajans\">X Platformumuz\u00a0<\/a>||<a href=\"https:\/\/www.facebook.com\/SANAHaberAjansi\/\">Facebook Sayfam\u0131z<\/a><\/strong><\/p>\n<p>&nbsp;<\/p>\n","protected":false},"excerpt":{"rendered":"<p>R\u0130YAD (SANA) \u2013 Suriye Havayollar\u0131&#8217;n\u0131n ilk u\u00e7a\u011f\u0131 bu sabah Riyad&#8217;daki Kral Halid Havaliman\u0131&#8217;na ula\u015ft\u0131 ve \u015eam Uluslararas\u0131 Havaliman\u0131&#8217;ndan Suudi Arabistan&#8217;a d\u00fczenli u\u00e7u\u015flar\u0131n d\u00f6n\u00fc\u015f\u00fcne i\u015faret etti. Bu vesileyle Riyadh Airports Company, Kral Halid Havaliman\u0131&#8217;nda Suriye Arap Cumhuriyeti&#8217;nin Suudi Arabistan Krall\u0131\u011f\u0131 B\u00fcy\u00fckel\u00e7isi Eymen Susan ve hava ta\u015f\u0131mac\u0131l\u0131\u011f\u0131 alan\u0131nda \u00e7ok say\u0131da Suudi yetkilinin kat\u0131l\u0131m\u0131yla bir kutlama d\u00fczenledi. B\u00fcy\u00fckel\u00e7i &hellip;<\/p>\n","protected":false},"author":36,"featured_media":304672,"comment_status":"closed","ping_status":"closed","sticky":false,"template":"","format":"standard","meta":{"footnotes":""},"categories":[458,526,459,17988,525],"tags":[],"class_list":["post-304671","post","type-post","status-publish","format-standard","has-post-thumbnail","","category-dunya1","category-haber-ve-raporlar","category-haberler-arap-uluslararasi-politika","category-son-haberler","category-toplum"],"_links":{"self":[{"href":"https:\/\/archive.sana.sy\/tr\/index.php?rest_route=\/wp\/v2\/posts\/304671","targetHints":{"allow":["GET"]}}],"collection":[{"href":"https:\/\/archive.sana.sy\/tr\/index.php?rest_route=\/wp\/v2\/posts"}],"about":[{"href":"https:\/\/archive.sana.sy\/tr\/index.php?rest_route=\/wp\/v2\/types\/post"}],"author":[{"embeddable":true,"href":"https:\/\/archive.sana.sy\/tr\/index.php?rest_route=\/wp\/v2\/users\/36"}],"replies":[{"embeddable":true,"href":"https:\/\/archive.sana.sy\/tr\/index.php?rest_route=%2Fwp%2Fv2%2Fcomments&post=304671"}],"version-history":[{"count":4,"href":"https:\/\/archive.sana.sy\/tr\/index.php?rest_route=\/wp\/v2\/posts\/304671\/revisions"}],"predecessor-version":[{"id":304686,"href":"https:\/\/archive.sana.sy\/tr\/index.php?rest_route=\/wp\/v2\/posts\/304671\/revisions\/304686"}],"wp:featuredmedia":[{"embeddable":true,"href":"https:\/\/archive.sana.sy\/tr\/index.php?rest_route=\/wp\/v2\/media\/304672"}],"wp:attachment":[{"href":"https:\/\/archive.sana.sy\/tr\/index.php?rest_route=%2Fwp%2Fv2%2Fmedia&parent=304671"}],"wp:term":[{"taxonomy":"category","embeddable":true,"href":"https:\/\/archive.sana.sy\/tr\/index.php?rest_route=%2Fwp%2Fv2%2Fcategories&post=304671"},{"taxonomy":"post_tag","embeddable":true,"href":"https:\/\/archive.sana.sy\/tr\/index.php?rest_route=%2Fwp%2Fv2%2Ftags&post=304671"}],"curies":[{"name":"wp","href":"https:\/\/api.w.org\/{rel}","templated":true}]}}